{"id":148797,"date":"2022-05-29T08:18:53","date_gmt":"2022-05-29T12:18:53","guid":{"rendered":"https:\/\/linitiative.ca\/International\/les-jeunes-sont-appeles-a-se-departir-du-discours-de-la-victimisation\/"},"modified":"2022-05-29T08:18:53","modified_gmt":"2022-05-29T12:18:53","slug":"les-jeunes-sont-appeles-a-se-departir-du-discours-de-la-victimisation","status":"publish","type":"post","link":"https:\/\/linitiative.ca\/International\/les-jeunes-sont-appeles-a-se-departir-du-discours-de-la-victimisation\/","title":{"rendered":"\u00abLes jeunes sont appel\u00e9s \u00e0 se d\u00e9partir du discours de la victimisation\u00bb"},"content":{"rendered":"<div>\n<p class=\"has-vivid-red-color has-text-color\"><strong>Entretien avec Said Bekkali, Directeur du Forum<\/strong><\/p>\n<p class=\"has-text-align-right\"><strong>Propos recueillis par Khalid Darfaf<\/strong><\/p>\n<p class=\"has-text-color\" style=\"color:#063ee5\"><strong>Dans cet entretien accord\u00e9 \u00e0 Al Bayane, Said Bekkali, Directeur du Forum international des jeunes \u00e0 Tanger, souligne que cet \u00e9v\u00e9nement ambitionne de\u00a0 mettre en place un espace d\u00e9di\u00e9 aux jeunes afin de d\u00e9battre et discuter des diff\u00e9rentes probl\u00e9matiques qui pr\u00e9occupent les jeunes d\u2019aujourd\u2019hui. Pour notre interlocuteur, \u00a0le Forum vise \u00e9galement la cons\u00e9cration d\u2019une nouvelle culture parmi les jeunes en les incitant \u00e0 sortir du discours de la \u00ab\u00a0victimisation\u00a0\u00bb\u2026<\/strong><\/p>\n<p><strong>Al Bayane\u00a0: Quel est l\u2019objectif du Forum international de Tanger<\/strong><\/p>\n<p><strong>Said Bekkali\u00a0: Le<\/strong> Forum international de Tanger vise \u00e0 unifier les efforts de toutes les organisations des jeunes\u00a0 progressistes qui sont acquises \u00e0 la d\u00e9fense des\u00a0 droits de l\u2019Homme et des valeurs d\u00e9mocratiques. Il est \u00e0 souligner que ce Forum, qui se tient apr\u00e8s la crise pand\u00e9mique, conna\u00eet la participation de plusieurs associations qui repr\u00e9sentent environ 40 Etats \u00e0 travers le monde. Notre ambition est de mettre en place un espace d\u00e9di\u00e9 aux jeunes afin de d\u00e9battre et discuter les probl\u00e8mes qui pr\u00e9occupent l\u2019humanit\u00e9 dans un monde en pleine mutation et\u00a0 qui est en butte \u00e0 des menaces d\u2019ordre \u00e9conomique, social ou encore \u00a0environnemental, entre autres.<\/p>\n<p><strong>Quels sont les sujets d\u00e9battus lors du Forum?<\/strong><\/p>\n<p><strong>Je tiens \u00e0 souligner que n<\/strong>otre devoir, en tant que jeunes, consiste \u00e0\u00a0 discuter, \u00e9changer des id\u00e9es mais aussi \u00e0 exprimer la position des jeunes et \u00e9mettre des recommandations. D\u2019ailleurs, les tables rondes et les ateliers qui\u00a0 figurent dans le programme traduisent plus au moins nos\u00a0 pr\u00e9occupations. Je citerais, \u00e0 titre d\u2019exemple, la question de l\u2019identit\u00e9 en lien avec la mondialisation, le renforcement de la d\u00e9mocratie ou encore la question de la tol\u00e9rance et les facteurs qui poussent certains jeunes \u00e0 tomber dans le pi\u00e8ge de la radicalit\u00e9. \u00a0Autrement dit, le Forum ambitionne la cons\u00e9cration d\u2019une nouvelle culture parmi les jeunes en leur incitant \u00e0 sortir du discours de la victimisation.<\/p>\n<p><strong>Qu\u2019en est-il de la diplomatie parall\u00e8le?<\/strong><\/p>\n<p>La Jeunesse socialiste a toujours fait de la diplomatie parall\u00e8le, une priorit\u00e9 et tient \u00e0 \u00eatre omnipr\u00e9sente dans toutes les rencontres des jeunes aussi bien \u00e0 l\u2019\u00e9chelle r\u00e9gionale ou internationale.\u00a0 Nous \u0153uvrons \u00e0 renforcer les passerelles, surtout avec les organisations de jeunes ayant une orientation progressiste et socialiste. Autre point non moins important, est que nous consid\u00e9rons ce Forum comme une occasion pour faire conna\u00eetre notre premi\u00e8re cause nationale, celle du Sahara marocain, et d\u00e9fendre la souverainet\u00e9\u00a0 du Royaume sur ses provinces du Sud dans le cadre de l\u2019initiative de l\u2019autonomie.<\/p>\n<p><strong>On a constat\u00e9 que le Forum a consacr\u00e9 une place de choix \u00e0 la cause palestinienne,\u00a0 pourquoi un tel choix?<\/strong><\/p>\n<p>Au sein de la Jeunesse socialiste, nous consid\u00e9rons que la question palestinienne occupe une place pr\u00e9pond\u00e9rante dans la soci\u00e9t\u00e9 marocaine. Plusieurs tentatives imp\u00e9rialistes et sionistes visent \u00e0 rel\u00e9guer au second plan cette cause juste. Ainsi, nous avons invit\u00e9 l\u2019ambassadeur de l\u2019Etat de Palestine \u00e0 Rabat, Jamal Choubaki,\u00a0 pour r\u00e9it\u00e9rer notre soutien \u00e0 la lutte du peuple palestinien.<\/p>\n<p><strong>Selon-vous, quels sont les facteurs qui poussent les jeunes d\u2019aujourd\u2019hui \u00e0 tourner le dos \u00e0 l\u2019action politique?<\/strong><\/p>\n<p>Contrairement aux id\u00e9es re\u00e7ues, il existe aujourd\u2019hui une forte demande des jeunes sur la politique. Il faut dire que les jeunes d\u2019aujourd\u2019hui pratiquent la politique autrement et ce en exprimant davantage leurs pr\u00e9occupations via les r\u00e9seaux sociaux et les plateformes num\u00e9riques. Mais cela ne m\u00e8ne nulle part. Autrement dit, les jeunes sont appel\u00e9s, plus que jamais, \u00e0 se d\u00e9partir de leur passivit\u00e9 et \u00e0 se positionner en tant qu\u2019acteurs.<\/p>\n<p>Il est bien vrai que les politiques publiques n\u2019incluent pas de v\u00e9ritables programmes int\u00e9gr\u00e9s consacr\u00e9s \u00e0 cette cat\u00e9gorie sociale, mais cela ne nous dispense pas de notre responsabilit\u00e9. Celle de r\u00e9nover les outils de fonctionnement et de recrutement afin de convaincre les jeunes \u00e0 l\u2019utilit\u00e9 de l\u2019action politique. Car le changement ne se d\u00e9cr\u00e8te pas.<\/p>\n<p>L\u2019article <a rel=\"nofollow\" href=\"http:\/\/albayane.press.ma\/les-jeunes-sont-appeles-a-se-departir-du-discours-de-la-victimisation.html\">\u00abLes jeunes sont appel\u00e9s \u00e0 se d\u00e9partir du discours de la victimisation\u00bb<\/a> est apparu en premier sur <a rel=\"nofollow\" href=\"http:\/\/albayane.press.ma\/\">ALBAYANE<\/a>.<\/p>\n<\/div>\n<p>Auteur: M&rsquo;hammed rahal<br \/>\n<a href=\"http:\/\/albayane.press.ma\/les-jeunes-sont-appeles-a-se-departir-du-discours-de-la-victimisation.html\">Cliquez ici pour lire l&rsquo;article depuis sa source.<\/a><\/p>\n","protected":false},"excerpt":{"rendered":"<p>Entretien avec Said Bekkali, Directeur du Forum Propos recueillis par Khalid Darfaf Dans cet entretien accord\u00e9 \u00e0 Al Bayane, Said Bekkali, Directeur du Forum international des jeunes \u00e0 Tanger, souligne que cet \u00e9v\u00e9nement ambitionne de\u00a0 mettre en place un espace d\u00e9di\u00e9 aux jeunes afin de d\u00e9battre et discuter des diff\u00e9rentes probl\u00e9matiques qui pr\u00e9occupent les jeunes [&hellip;]<\/p>\n","protected":false},"author":1760,"featured_media":0,"comment_status":"closed","ping_status":"closed","sticky":false,"template":"","format":"standard","meta":{"fifu_image_url":"","fifu_image_alt":"","footnotes":""},"categories":[73,54],"tags":[],"class_list":["post-148797","post","type-post","status-publish","format-standard","hentry","category-actualite","category-maroc"],"_links":{"self":[{"href":"https:\/\/linitiative.ca\/International\/wp-json\/wp\/v2\/posts\/148797","targetHints":{"allow":["GET"]}}],"collection":[{"href":"https:\/\/linitiative.ca\/International\/wp-json\/wp\/v2\/posts"}],"about":[{"href":"https:\/\/linitiative.ca\/International\/wp-json\/wp\/v2\/types\/post"}],"author":[{"embeddable":true,"href":"https:\/\/linitiative.ca\/International\/wp-json\/wp\/v2\/users\/1760"}],"replies":[{"embeddable":true,"href":"https:\/\/linitiative.ca\/International\/wp-json\/wp\/v2\/comments?post=148797"}],"version-history":[{"count":0,"href":"https:\/\/linitiative.ca\/International\/wp-json\/wp\/v2\/posts\/148797\/revisions"}],"wp:attachment":[{"href":"https:\/\/linitiative.ca\/International\/wp-json\/wp\/v2\/media?parent=148797"}],"wp:term":[{"taxonomy":"category","embeddable":true,"href":"https:\/\/linitiative.ca\/International\/wp-json\/wp\/v2\/categories?post=148797"},{"taxonomy":"post_tag","embeddable":true,"href":"https:\/\/linitiative.ca\/International\/wp-json\/wp\/v2\/tags?post=148797"}],"curies":[{"name":"wp","href":"https:\/\/api.w.org\/{rel}","templated":true}]}}