{"id":148804,"date":"2022-05-29T08:39:31","date_gmt":"2022-05-29T12:39:31","guid":{"rendered":"https:\/\/linitiative.ca\/International\/universites-necessite-de-sinteresser-a-loceanographie\/"},"modified":"2022-05-29T08:39:31","modified_gmt":"2022-05-29T12:39:31","slug":"universites-necessite-de-sinteresser-a-loceanographie","status":"publish","type":"post","link":"https:\/\/linitiative.ca\/International\/universites-necessite-de-sinteresser-a-loceanographie\/","title":{"rendered":"Universit\u00e9s: N\u00e9cessit\u00e9 de s\u2019int\u00e9resser \u00e0 l\u2019oc\u00e9anographie"},"content":{"rendered":"<div>\n<div style=\"margin-bottom:20px;\"><img loading=\"lazy\" decoding=\"async\" width=\"750\" height=\"430\" src=\"https:\/\/linitiative.ca\/International\/wp-content\/uploads\/sites\/23\/2022\/05\/ocC3A9an-copier.jpg\" class=\"attachment-post-thumbnail size-post-thumbnail wp-post-image\" alt=\"\" srcset=\"https:\/\/linitiative.ca\/International\/wp-content\/uploads\/sites\/23\/2022\/05\/ocC3A9an-copier.jpg 750w, https:\/\/www.mapmarrakech.ma\/map\/uploads\/2022\/05\/oc\u00e9an-copier-300x172.jpg 300w\" sizes=\"auto, (max-width: 750px) 100vw, 750px\"><\/div>\n<p>Les diff\u00e9rents intervenants \u00e0 ce conclave, initi\u00e9 par le D\u00e9partement de Droit Public \u00e0 la facult\u00e9 Polydisciplinaire de Safi et l\u2019Association Marocaine de Recherche et de pr\u00e9servation du patrimoine maritime, ont sugg\u00e9r\u00e9 la cr\u00e9ation de fili\u00e8res o\u00f9, s\u2019interf\u00e8rent et se croisent diff\u00e9rentes sp\u00e9cialit\u00e9s et disciplines, entre autres, le droit, les sciences politiques, les relations internationales, la g\u00e9ographie politique, la g\u00e9ologie et la biologie.<\/p>\n<p>Ils se sont prononc\u00e9s \u00e9galement en faveur de l\u2019\u00e9laboration et la publication de guides simplifi\u00e9s, \u00e0 m\u00eame de favoriser la connaissance juridique et sa promotion aupr\u00e8s du public, estimant que cette connaissance juridique doit tenir compte de l\u2019imp\u00e9ratif d\u2019identifier, de d\u00e9finir et de simplifier certains concepts devenus courants, \u00e0 l\u2019heure actuelle, dans les m\u00e9dias, \u00e0 l\u2019instar des concept de \u00ab\u00a0souverainet\u00e9\u00a0\u00bb, \u00ab\u00a0fronti\u00e8res maritimes\u00a0\u00bb, et \u00ab\u00a0eaux territoriales\u00a0\u00bb.<\/p>\n<p>Les participants \u00e0 ce forum ont, de m\u00eame, mis l\u2019accent sur l\u2019imp\u00e9ratif majeur de faire de la recherche scientifique \u00ab\u00a0un outil de d\u00e9fense et de plaidoirie\u00a0\u00bb chaque fois qu\u2019il s\u2019agit de questions strat\u00e9giques pour le pays.<\/p>\n<p>Lors de ce forum, il a \u00e9t\u00e9 proc\u00e9d\u00e9 \u00e0 la simulation d\u2019une Conf\u00e9rence internationale de l\u2019Assembl\u00e9e G\u00e9n\u00e9rale des Nations Unies pour l\u2019adoption de la Convention Internationale sur la conservation de la biodiversit\u00e9 marine dans les espaces se trouvant au-del\u00e0 des juridictions des Etats.<\/p>\n<p>Cet \u00e9v\u00e9nement scientifique a \u00e9t\u00e9 l\u2019occasion de r\u00e9aliser des simulations de positions des Etats sur la Convention des Nations Unies sur le droit de la mer et sur le conflit maritime en Asie notamment, dans la mer de Chine m\u00e9ridionale.<\/p>\n<p>Les participants \u00e0 cette manifestation scientifique ont eu l\u2019opportunit\u00e9 de d\u00e9battre aussi de questions d\u2019actualit\u00e9 telles que \u00ab\u00a0La convention des Nations-Unies sur le droit de la mer\u00a0\u00bb et \u00ab\u00a0Le projet de convention internationale des Nations-Unies sur la pollution par le plastique\u00a0\u00bb.<\/p>\n<p>Lors de ce forum, le professeur Randall S. Abate, de la Chaire Marine and Environmental Law and Policy au sein du Department of Political Science and Sociology \u00e0 l\u2019Universit\u00e9 Monmouth aux Etats-Unis, a pr\u00e9sent\u00e9 les derni\u00e8res nouveaut\u00e9s du droit international de la mer et de la COP-26 sur la protection du patrimoine maritime.<\/p>\n<p>Le forum a connu \u00e9galement la participation d\u2019Austin Bodetti, \u00e9tudiant en Bachelor, Fulbright boursier au Maroc, venu pour pr\u00e9senter ses travaux sur l\u2019apport de l\u2019\u00e9coth\u00e9ologie \u00e0 la protection de l\u2019environnement marin.<\/p>\n<p>L\u2019\u00e9dition 2022 du Forum Sciences Oc\u00e9an a \u00e9t\u00e9 aussi l\u2019occasion d\u2019initier des accords de coop\u00e9ration avec l\u2019universit\u00e9 Monmouth et avec d\u2019autres boursiers du programme Fulbright, \u00e0 m\u00eame de favoriser l\u2019\u00e9change scientifique et de contribuer au rayonnement international de la ville de Safi.<\/p>\n<p>The post <a rel=\"nofollow\" href=\"https:\/\/www.mapmarrakech.ma\/fr\/necessite-de-sinteresser-davantage-a-loceanographie-au-sein-des-universites\/\">Universit\u00e9s: N\u00e9cessit\u00e9 de s\u2019int\u00e9resser \u00e0 l\u2019oc\u00e9anographie<\/a> appeared first on <a rel=\"nofollow\" href=\"https:\/\/www.mapmarrakech.ma\/fr\">MapMarrakech<\/a>.<\/p>\n<\/div>\n<p>Auteur: Meriem IGASS<br \/>\n<a href=\"https:\/\/www.mapmarrakech.ma\/fr\/necessite-de-sinteresser-davantage-a-loceanographie-au-sein-des-universites\/\">Cliquez ici pour lire l&rsquo;article depuis sa source.<\/a><\/p>\n","protected":false},"excerpt":{"rendered":"<p>Les diff\u00e9rents intervenants \u00e0 ce conclave, initi\u00e9 par le D\u00e9partement de Droit Public \u00e0 la facult\u00e9 Polydisciplinaire de Safi et l\u2019Association Marocaine de Recherche et de pr\u00e9servation du patrimoine maritime, ont sugg\u00e9r\u00e9 la cr\u00e9ation de fili\u00e8res o\u00f9, s\u2019interf\u00e8rent et se croisent diff\u00e9rentes sp\u00e9cialit\u00e9s et disciplines, entre autres, le droit, les sciences politiques, les relations internationales, [&hellip;]<\/p>\n","protected":false},"author":1788,"featured_media":0,"comment_status":"closed","ping_status":"closed","sticky":false,"template":"","format":"standard","meta":{"fifu_image_url":"https:\/\/www.mapmarrakech.ma\/map\/uploads\/2022\/05\/oc\u00e9an-copier.jpg","fifu_image_alt":"Universit\u00e9s: N\u00e9cessit\u00e9 de s\u2019int\u00e9resser \u00e0 l\u2019oc\u00e9anographie","footnotes":""},"categories":[54,76],"tags":[],"class_list":["post-148804","post","type-post","status-publish","format-standard","hentry","category-maroc","category-regions"],"_links":{"self":[{"href":"https:\/\/linitiative.ca\/International\/wp-json\/wp\/v2\/posts\/148804","targetHints":{"allow":["GET"]}}],"collection":[{"href":"https:\/\/linitiative.ca\/International\/wp-json\/wp\/v2\/posts"}],"about":[{"href":"https:\/\/linitiative.ca\/International\/wp-json\/wp\/v2\/types\/post"}],"author":[{"embeddable":true,"href":"https:\/\/linitiative.ca\/International\/wp-json\/wp\/v2\/users\/1788"}],"replies":[{"embeddable":true,"href":"https:\/\/linitiative.ca\/International\/wp-json\/wp\/v2\/comments?post=148804"}],"version-history":[{"count":0,"href":"https:\/\/linitiative.ca\/International\/wp-json\/wp\/v2\/posts\/148804\/revisions"}],"wp:attachment":[{"href":"https:\/\/linitiative.ca\/International\/wp-json\/wp\/v2\/media?parent=148804"}],"wp:term":[{"taxonomy":"category","embeddable":true,"href":"https:\/\/linitiative.ca\/International\/wp-json\/wp\/v2\/categories?post=148804"},{"taxonomy":"post_tag","embeddable":true,"href":"https:\/\/linitiative.ca\/International\/wp-json\/wp\/v2\/tags?post=148804"}],"curies":[{"name":"wp","href":"https:\/\/api.w.org\/{rel}","templated":true}]}}