{"id":148809,"date":"2022-05-29T09:26:19","date_gmt":"2022-05-29T13:26:19","guid":{"rendered":"https:\/\/linitiative.ca\/International\/foot-le-comite-executif-de-la-caf-se-reunit-a-casablanca\/"},"modified":"2022-05-29T09:26:19","modified_gmt":"2022-05-29T13:26:19","slug":"foot-le-comite-executif-de-la-caf-se-reunit-a-casablanca","status":"publish","type":"post","link":"https:\/\/linitiative.ca\/International\/foot-le-comite-executif-de-la-caf-se-reunit-a-casablanca\/","title":{"rendered":"Foot: le Comit\u00e9 ex\u00e9cutif de la CAF se r\u00e9unit \u00e0 Casablanca"},"content":{"rendered":"<div>\n<div class=\"field field-name-body field-type-text-with-summary field-label-hidden\">\n<div class=\"field-items\">\n<div class=\"field-item even\" property=\"content:encoded\">\n<p class=\"rtejustify\">Le Comit\u00e9 ex\u00e9cutif de la Conf\u00e9d\u00e9ration africaine de football (CAF) tiendra, lundi \u00e0 Casablanca, une r\u00e9union avant la finale de la Ligue des champions africaine qui opposera le Wydad de Casablanca \u00e0 Al Ahly au Complexe sportif Mohammed V. La r\u00e9union qui sera pr\u00e9sid\u00e9e par le pr\u00e9sident de la CAF, Patrice Motsepe, d\u00e9butera \u00e0 11h30, a indiqu\u00e9 la CAF dans un communiqu\u00e9.<\/p>\n<\/div>\n<\/div>\n<\/div>\n<\/div>\n<p>Auteur: hgueye<br \/>\n<a href=\"https:\/\/www.leconomiste.com\/flash-infos\/foot-le-comite-executif-de-la-caf-se-reunit-casablanca\">Cliquez ici pour lire l&rsquo;article depuis sa source.<\/a><\/p>\n","protected":false},"excerpt":{"rendered":"<p>Le Comit\u00e9 ex\u00e9cutif de la Conf\u00e9d\u00e9ration africaine de football (CAF) tiendra, lundi \u00e0 Casablanca, une r\u00e9union avant la finale de la Ligue des champions africaine qui opposera le Wydad de Casablanca \u00e0 Al Ahly au Complexe sportif Mohammed V. La r\u00e9union qui sera pr\u00e9sid\u00e9e par le pr\u00e9sident de la CAF, Patrice Motsepe, d\u00e9butera \u00e0 11h30, [&hellip;]<\/p>\n","protected":false},"author":1763,"featured_media":0,"comment_status":"closed","ping_status":"closed","sticky":false,"template":"","format":"standard","meta":{"fifu_image_url":"","fifu_image_alt":"","footnotes":""},"categories":[78,54],"tags":[],"class_list":["post-148809","post","type-post","status-publish","format-standard","hentry","category-economie","category-maroc"],"_links":{"self":[{"href":"https:\/\/linitiative.ca\/International\/wp-json\/wp\/v2\/posts\/148809","targetHints":{"allow":["GET"]}}],"collection":[{"href":"https:\/\/linitiative.ca\/International\/wp-json\/wp\/v2\/posts"}],"about":[{"href":"https:\/\/linitiative.ca\/International\/wp-json\/wp\/v2\/types\/post"}],"author":[{"embeddable":true,"href":"https:\/\/linitiative.ca\/International\/wp-json\/wp\/v2\/users\/1763"}],"replies":[{"embeddable":true,"href":"https:\/\/linitiative.ca\/International\/wp-json\/wp\/v2\/comments?post=148809"}],"version-history":[{"count":0,"href":"https:\/\/linitiative.ca\/International\/wp-json\/wp\/v2\/posts\/148809\/revisions"}],"wp:attachment":[{"href":"https:\/\/linitiative.ca\/International\/wp-json\/wp\/v2\/media?parent=148809"}],"wp:term":[{"taxonomy":"category","embeddable":true,"href":"https:\/\/linitiative.ca\/International\/wp-json\/wp\/v2\/categories?post=148809"},{"taxonomy":"post_tag","embeddable":true,"href":"https:\/\/linitiative.ca\/International\/wp-json\/wp\/v2\/tags?post=148809"}],"curies":[{"name":"wp","href":"https:\/\/api.w.org\/{rel}","templated":true}]}}