{"id":14881,"date":"2019-02-17T04:48:08","date_gmt":"2019-02-17T09:48:08","guid":{"rendered":"https:\/\/linitiative.ca\/International\/tebessa-plus-de-154-000-tetes-ovines-vaccinees-contre-la-peste-des-petits-ruminants\/"},"modified":"2019-02-17T04:48:08","modified_gmt":"2019-02-17T09:48:08","slug":"tebessa-plus-de-154-000-tetes-ovines-vaccinees-contre-la-peste-des-petits-ruminants","status":"publish","type":"post","link":"https:\/\/linitiative.ca\/International\/tebessa-plus-de-154-000-tetes-ovines-vaccinees-contre-la-peste-des-petits-ruminants\/","title":{"rendered":"T\u00e9bessa: plus de 154.000 t\u00eates ovines vaccin\u00e9es contre la peste des petits  ruminants"},"content":{"rendered":"<div>\n<div class=\"K2FeedImage\"><img decoding=\"async\" src=\"http:\/\/www.aps.dz\/media\/k2\/items\/cache\/280eea70b146674dc0dd4f68e4329695_S.jpg\" alt=\"T\u00e9bessa: plus de 154.000 t\u00eates ovines vaccin\u00e9es contre la peste des petits  ruminants\"><\/div>\n<div class=\"K2FeedIntroText\">\n<p>\u00a0<\/p>\n<p>TEBESSA- Plus de 154.000 t\u00eates ovines ont \u00e9t\u00e9 vaccin\u00e9es contre la peste des petits ruminants (PPR) dans la wilaya de T\u00e9bessa, o\u00f9 le taux d&rsquo;utilisation des doses de vaccin mobilis\u00e9es a d\u00e9pass\u00e9 50%, a indiqu\u00e9 samedi l&rsquo;inspectrice v\u00e9t\u00e9rinaire de la wilaya, Hanene Laiod.<\/p>\n<\/div>\n<div class=\"K2FeedFullText\">\n<p>Un nombre \u00ab\u00a0important\u00a0\u00bb du cheptel de la wilaya a \u00e9t\u00e9 vaccin\u00e9 contre la PPR\u00a0dans diverses communes depuis le d\u00e9but du mois en cours a pr\u00e9cis\u00e9 \u00e0 l&rsquo;APS\u00a0la m\u00eame responsable rappelant que \u00a0250.000 doses de vaccin contre la PPR\u00a0ont \u00e9t\u00e9 envoy\u00e9 aux services agricoles.<\/p>\n<p>La campagne de vaccination contre la peste des petits ruminants a vis\u00e9, en\u00a0premi\u00e8re phase, les zones qui enregistrent un grand nombre de cheptel a\u00a0fait savoir la responsable, notant que la campagne de vaccination se\u00a0d\u00e9roule dans les \u00ab\u00a0meilleures conditions\u00a0\u00bb.<\/p>\n<p>A cet effet, la DSA a mobilis\u00e9 70 v\u00e9t\u00e9rinaires priv\u00e9s pour assurer le bon\u00a0d\u00e9roulement de cette campagne, a r\u00e9v\u00e9l\u00e9 Mme Labiod, affirmant que\u00a0l\u2019op\u00e9ration \u00a0se poursuit pour atteindre toutes les communes, dans le but de\u00a0pr\u00e9server la sant\u00e9 du cheptel.<\/p>\n<p>Parall\u00e8lement \u00e0 la campagne de vaccination, la DSA organise des journ\u00e9es\u00a0de sensibilisation et de formation destin\u00e9es aux agriculteurs et \u00e9leveurs\u00a0sur les m\u00e9thodes de pr\u00e9vention des animaux, notamment vaccin\u00e9s, de la\u00a0fi\u00e8vre aphteuse et de la peste des petits ruminants, dans plusieurs\u00a0communes de la wilaya, a-t-on not\u00e9.<\/p>\n<p>La wilaya de T\u00e9bessa compte actuellement plus de 1,5 million de t\u00eates\u00a0ovines et pr\u00e8s de 30.000 t\u00eates bovines, a ajout\u00e9 la m\u00eame source, soulignant\u00a0que 150 foyers de fi\u00e8vre aphteuse et 100 autres de peste des petits\u00a0ruminants ont \u00e9t\u00e9 enregistr\u00e9s, ajoutant que 2800 b\u00eates ont \u00e9t\u00e9 d\u00e9cim\u00e9s par\u00a0ces deux pathologies.<\/p>\n<\/div>\n<\/div>\n<p>Auteur:<br \/>\n<a href=\"http:\/\/www.aps.dz\/regions\/85669-tebessa-plus-de-154-000-tetes-ovines-vaccinees-contre-la-peste-des-petits-ruminants\">Cliquez ici pour lire l&rsquo;article depuis sa source.<\/a><\/p>\n","protected":false},"excerpt":{"rendered":"<p>\u00a0 TEBESSA- Plus de 154.000 t\u00eates ovines ont \u00e9t\u00e9 vaccin\u00e9es contre la peste des petits ruminants (PPR) dans la wilaya de T\u00e9bessa, o\u00f9 le taux d&rsquo;utilisation des doses de vaccin mobilis\u00e9es a d\u00e9pass\u00e9 50%, a indiqu\u00e9 samedi l&rsquo;inspectrice v\u00e9t\u00e9rinaire de la wilaya, Hanene Laiod. Un nombre \u00ab\u00a0important\u00a0\u00bb du cheptel de la wilaya a \u00e9t\u00e9 vaccin\u00e9 [&hellip;]<\/p>\n","protected":false},"author":1790,"featured_media":14882,"comment_status":"closed","ping_status":"closed","sticky":false,"template":"","format":"standard","meta":{"fifu_image_url":"","fifu_image_alt":"","footnotes":""},"categories":[53,76],"tags":[],"class_list":["post-14881","post","type-post","status-publish","format-standard","has-post-thumbnail","hentry","category-algerie","category-regions"],"_links":{"self":[{"href":"https:\/\/linitiative.ca\/International\/wp-json\/wp\/v2\/posts\/14881","targetHints":{"allow":["GET"]}}],"collection":[{"href":"https:\/\/linitiative.ca\/International\/wp-json\/wp\/v2\/posts"}],"about":[{"href":"https:\/\/linitiative.ca\/International\/wp-json\/wp\/v2\/types\/post"}],"author":[{"embeddable":true,"href":"https:\/\/linitiative.ca\/International\/wp-json\/wp\/v2\/users\/1790"}],"replies":[{"embeddable":true,"href":"https:\/\/linitiative.ca\/International\/wp-json\/wp\/v2\/comments?post=14881"}],"version-history":[{"count":0,"href":"https:\/\/linitiative.ca\/International\/wp-json\/wp\/v2\/posts\/14881\/revisions"}],"wp:featuredmedia":[{"embeddable":true,"href":"https:\/\/linitiative.ca\/International\/wp-json\/"}],"wp:attachment":[{"href":"https:\/\/linitiative.ca\/International\/wp-json\/wp\/v2\/media?parent=14881"}],"wp:term":[{"taxonomy":"category","embeddable":true,"href":"https:\/\/linitiative.ca\/International\/wp-json\/wp\/v2\/categories?post=14881"},{"taxonomy":"post_tag","embeddable":true,"href":"https:\/\/linitiative.ca\/International\/wp-json\/wp\/v2\/tags?post=14881"}],"curies":[{"name":"wp","href":"https:\/\/api.w.org\/{rel}","templated":true}]}}