{"id":148948,"date":"2022-05-31T12:42:01","date_gmt":"2022-05-31T16:42:01","guid":{"rendered":"https:\/\/linitiative.ca\/International\/covid-19-m-chami-plaide-pour-un-partenariat-plus-solidaire-en-mediterranee\/"},"modified":"2022-05-31T12:42:01","modified_gmt":"2022-05-31T16:42:01","slug":"covid-19-m-chami-plaide-pour-un-partenariat-plus-solidaire-en-mediterranee","status":"publish","type":"post","link":"https:\/\/linitiative.ca\/International\/covid-19-m-chami-plaide-pour-un-partenariat-plus-solidaire-en-mediterranee\/","title":{"rendered":"Covid-19: M. Chami plaide pour un partenariat plus solidaire en M\u00e9diterran\u00e9e"},"content":{"rendered":"<div>\n<div style=\"margin-bottom:20px;\"><img loading=\"lazy\" decoding=\"async\" width=\"750\" height=\"430\" src=\"https:\/\/linitiative.ca\/International\/wp-content\/uploads\/sites\/23\/2022\/05\/Chami.jpg\" class=\"attachment-post-thumbnail size-post-thumbnail wp-post-image\" alt=\"\" srcset=\"https:\/\/linitiative.ca\/International\/wp-content\/uploads\/sites\/23\/2022\/05\/Chami.jpg 750w, https:\/\/www.mapmarrakech.ma\/map\/uploads\/2022\/05\/Chami-300x172.jpg 300w\" sizes=\"auto, (max-width: 750px) 100vw, 750px\"><\/div>\n<p>Intervenant lors de l\u2019\u00e9dition 2022 du Sommet euro-m\u00e9diterran\u00e9en des conseils \u00e9conomiques et sociaux et institutions similaires, M. Chami a insist\u00e9 \u00e9galement sur \u00ab\u00a0la n\u00e9cessit\u00e9 de d\u00e9finir une orientation strat\u00e9gique plus ambitieuse et plus audacieuse pour l\u2019avenir de nos relations avec l\u2019Union europ\u00e9enne (UE) pour r\u00e9ussir la relance et le d\u00e9veloppement durable dans le pourtour m\u00e9diterran\u00e9en\u00a0\u00bb.<\/p>\n<p>Tout en estimant que l\u2019UE doit tenir compte davantage des asym\u00e9tries existantes et de r\u00e9pondre d\u2019une mani\u00e8re encore plus efficace aux attentes de ses partenaires du Sud, M. Chami a r\u00e9affirm\u00e9 la disposition du CESE \u00e0 poursuivre cette coop\u00e9ration dynamique avec le Comit\u00e9 Economique et Social Europ\u00e9en (CESE) et \u00e0 la renforcer davantage pour la rendre plus impactante dans les agendas communs (dialogue euro-m\u00e9diterran\u00e9en, partenariat Maroc-UE et coop\u00e9ration Afrique-Europe).<\/p>\n<p>\u00ab\u00a0La tenue de ce sommet en pr\u00e9sentiel, apr\u00e8s une \u00e9dition organis\u00e9e en mode virtuel en 2020 et le report de celle de l\u2019ann\u00e9e derni\u00e8re, en raison des r\u00e9percussions de la Covid-19, est un moment fort dans la redynamisation de notre coop\u00e9ration\u00a0\u00bb, a-t-il soutenu, relevant que cet \u00e9v\u00e8nement repr\u00e9sente pour les conseils \u00e9conomiques et sociaux et institutions similaires d\u2019Afrique, d\u2019Europe, du Proche et Moyen-Orient, un cadre idoine de dialogue, de concertation et d\u2019\u00e9change dans les domaines d\u2019int\u00e9r\u00eat commun et une opportunit\u00e9 pour renforcer les liens d\u2019amiti\u00e9 entre les deux rives de la M\u00e9diterran\u00e9e.<\/p>\n<p>\u00ab\u00a0Ce sommet est \u00e9galement un rendez-vous capital pour faire entendre la voix des repr\u00e9sentants de la soci\u00e9t\u00e9 civile et renforcer sa contribution active \u00e0 la construction d\u2019un espace de paix et de prosp\u00e9rit\u00e9 partag\u00e9e pour les populations de l\u2019espace euro-m\u00e9diterran\u00e9en\u00a0\u00bb, a-t-il ajout\u00e9.<\/p>\n<p>\u00ab\u00a0Cette pand\u00e9mie, dont les cons\u00e9quences sont encore visibles (pertes en vies humaines, r\u00e9cession \u00e9conomique, acc\u00e8s in\u00e9quitable aux outils de lutte contre la Covid-19, en particulier les vaccins, une inflation des produits alimentaires, \u00e9nerg\u00e9tiques et de transport), a exacerb\u00e9 les fragilit\u00e9s de nos mod\u00e8les de d\u00e9veloppement aux plans \u00e9conomique, social et environnemental et a mis \u00e0 l\u2019\u00e9preuve la solidarit\u00e9 entre pays\u00a0\u00bb, a-t-il d\u00e9plor\u00e9, rappelant que le Maroc, sur Hautes Instructions Royales, avait rapidement r\u00e9agi \u00e0 travers l\u2019envoi d\u2019une aide m\u00e9dicale \u00e0 une quinzaine de pays du Continent africain.<\/p>\n<p>Il a, dans ce sens, mis l\u2019accent sur les principales le\u00e7ons \u00e0 tirer de la gestion de cette crise : r\u00e9forme profonde de nos syst\u00e8mes de sant\u00e9, de protection sociale et de mode de production pour d\u00e9velopper des chaines de valeur r\u00e9gionales, relevant que cette pand\u00e9mie requiert \u00e9galement une r\u00e9ponse r\u00e9gionale et internationale forte, guid\u00e9e par un imp\u00e9ratif de solidarit\u00e9 et de responsabilit\u00e9 partag\u00e9e.<\/p>\n<p>Concernant l\u2019environnement et la lutte contre les changements climatiques, M. Chami a tenu \u00e0 rappeler la n\u00e9cessit\u00e9 d\u2019appliquer le principe de responsabilit\u00e9 commune et de respecter les engagements pris par les pays industrialis\u00e9s de la rive Nord, en termes de financement, particuli\u00e8rement les programmes d\u2019adaptation dans les pays du Sud.<\/p>\n<p>\u00ab\u00a0Je suis intimement convaincu que ce sommet de Marrakech, fera date, et constituera une excellente occasion pour faire avancer les d\u00e9bats pour des solutions pragmatiques \u00e0 nos d\u00e9fis communs et \u00e0 la r\u00e9ussite de la relance du projet euro-m\u00e9diterran\u00e9en\u00a0\u00bb, a-t-il conclu.<\/p>\n<p>Organis\u00e9 sous le th\u00e8me \u00ab\u00a0La COVID-19: le r\u00f4le de la soci\u00e9t\u00e9 civile dans la reconstruction et la r\u00e9silience de la r\u00e9gion euro-m\u00e9diterran\u00e9enne\u00a0\u00bb, le Sommet euro-m\u00e9diterran\u00e9en des conseils \u00e9conomiques et sociaux et institutions similaires se penchera, deux jours durant, entre autres, sur les moyens d\u2019att\u00e9nuation et de reconstruction \u00e9conomique et sociale, ainsi que sur les diff\u00e9rentes opportunit\u00e9s r\u00e9v\u00e9l\u00e9es par la Covid-19 en vue de favoriser le d\u00e9veloppement durable de la r\u00e9gion euro-m\u00e9diterran\u00e9enne.<\/p>\n<p>A noter que le CES europ\u00e9en \u00e9laborera, \u00e0 cet effet, un rapport d\u2019information sur le th\u00e8me principal du Sommet, en \u00e9troite coop\u00e9ration avec ses homologues du sud de la M\u00e9diterran\u00e9e.<\/p>\n<p>The post <a rel=\"nofollow\" href=\"https:\/\/www.mapmarrakech.ma\/fr\/covid-19-m-chami-plaide-pour-un-partenariat-plus-solidaire-en-mediterranee\/\">Covid-19: M. Chami plaide pour un partenariat plus solidaire en M\u00e9diterran\u00e9e<\/a> appeared first on <a rel=\"nofollow\" href=\"https:\/\/www.mapmarrakech.ma\/fr\">MapMarrakech<\/a>.<\/p>\n<\/div>\n<p>Auteur: Meriem IGASS<br \/>\n<a href=\"https:\/\/www.mapmarrakech.ma\/fr\/covid-19-m-chami-plaide-pour-un-partenariat-plus-solidaire-en-mediterranee\/\">Cliquez ici pour lire l&rsquo;article depuis sa source.<\/a><\/p>\n","protected":false},"excerpt":{"rendered":"<p>Intervenant lors de l\u2019\u00e9dition 2022 du Sommet euro-m\u00e9diterran\u00e9en des conseils \u00e9conomiques et sociaux et institutions similaires, M. Chami a insist\u00e9 \u00e9galement sur \u00ab\u00a0la n\u00e9cessit\u00e9 de d\u00e9finir une orientation strat\u00e9gique plus ambitieuse et plus audacieuse pour l\u2019avenir de nos relations avec l\u2019Union europ\u00e9enne (UE) pour r\u00e9ussir la relance et le d\u00e9veloppement durable dans le pourtour m\u00e9diterran\u00e9en\u00a0\u00bb. [&hellip;]<\/p>\n","protected":false},"author":1788,"featured_media":0,"comment_status":"closed","ping_status":"closed","sticky":false,"template":"","format":"standard","meta":{"fifu_image_url":"https:\/\/www.mapmarrakech.ma\/map\/uploads\/2022\/05\/Chami.jpg","fifu_image_alt":"Covid-19: M. Chami plaide pour un partenariat plus solidaire en M\u00e9diterran\u00e9e","footnotes":""},"categories":[54,76],"tags":[],"class_list":["post-148948","post","type-post","status-publish","format-standard","hentry","category-maroc","category-regions"],"_links":{"self":[{"href":"https:\/\/linitiative.ca\/International\/wp-json\/wp\/v2\/posts\/148948","targetHints":{"allow":["GET"]}}],"collection":[{"href":"https:\/\/linitiative.ca\/International\/wp-json\/wp\/v2\/posts"}],"about":[{"href":"https:\/\/linitiative.ca\/International\/wp-json\/wp\/v2\/types\/post"}],"author":[{"embeddable":true,"href":"https:\/\/linitiative.ca\/International\/wp-json\/wp\/v2\/users\/1788"}],"replies":[{"embeddable":true,"href":"https:\/\/linitiative.ca\/International\/wp-json\/wp\/v2\/comments?post=148948"}],"version-history":[{"count":0,"href":"https:\/\/linitiative.ca\/International\/wp-json\/wp\/v2\/posts\/148948\/revisions"}],"wp:attachment":[{"href":"https:\/\/linitiative.ca\/International\/wp-json\/wp\/v2\/media?parent=148948"}],"wp:term":[{"taxonomy":"category","embeddable":true,"href":"https:\/\/linitiative.ca\/International\/wp-json\/wp\/v2\/categories?post=148948"},{"taxonomy":"post_tag","embeddable":true,"href":"https:\/\/linitiative.ca\/International\/wp-json\/wp\/v2\/tags?post=148948"}],"curies":[{"name":"wp","href":"https:\/\/api.w.org\/{rel}","templated":true}]}}