{"id":148950,"date":"2022-05-31T13:13:55","date_gmt":"2022-05-31T17:13:55","guid":{"rendered":"https:\/\/linitiative.ca\/International\/previsions-meteorologiques-pour-le-mercredi-1er-juin-2022\/"},"modified":"2022-05-31T13:13:55","modified_gmt":"2022-05-31T17:13:55","slug":"previsions-meteorologiques-pour-le-mercredi-1er-juin-2022","status":"publish","type":"post","link":"https:\/\/linitiative.ca\/International\/previsions-meteorologiques-pour-le-mercredi-1er-juin-2022\/","title":{"rendered":"Pr\u00e9visions m\u00e9t\u00e9orologiques pour le mercredi 1er juin 2022"},"content":{"rendered":"<div>\n<div style=\"margin-bottom:20px;\"><img loading=\"lazy\" decoding=\"async\" width=\"750\" height=\"430\" src=\"https:\/\/linitiative.ca\/International\/wp-content\/uploads\/sites\/23\/2022\/05\/soleil-2-3.jpg\" class=\"attachment-post-thumbnail size-post-thumbnail wp-post-image\" alt=\"\" srcset=\"https:\/\/linitiative.ca\/International\/wp-content\/uploads\/sites\/23\/2022\/05\/soleil-2-3.jpg 750w, https:\/\/www.mapmarrakech.ma\/map\/uploads\/2022\/05\/soleil-2-3-300x172.jpg 300w\" sizes=\"auto, (max-width: 750px) 100vw, 750px\"><\/div>\n<p>\u2013 Temps assez chaud sur l\u2019extr\u00eame sud, le sud-est et l\u2019int\u00e9rieur du pays.<\/p>\n<p>\u2013 Ond\u00e9es et orages isol\u00e9s sur le Sud, l\u2019Atlas et le Sud-Est.<\/p>\n<p>\u2013 Formations brumeuses par endroits sur les c\u00f4tes atlantiques.<\/p>\n<p>\u2013 Rafales de vents assez fortes sur l\u2019Atlas, le Sud-Est et le sud des provinces sahariennes avec des chasse-poussi\u00e8res par endroits.<\/p>\n<p>\u2013 Temp\u00e9ratures minimales de l\u2019ordre de 08\/14\u00b0C sur l\u2019Atlas, 21\/27\u00b0C sur le Sud-Est et l\u2019int\u00e9rieur des provinces du Sud et de 15\/21C\u00b0 partout ailleurs.<\/p>\n<p>\u2013 Temp\u00e9ratures du jour en hausse sur le Sud-Est et en l\u00e9g\u00e8re baisse ailleurs.<\/p>\n<p>\u2013 Mer belle \u00e0 peu agit\u00e9e en M\u00e9diterran\u00e9e et peu agit\u00e9e \u00e0 agit\u00e9e sur le D\u00e9troit, entre Tarfaya et La\u00e2youne et sur le reste du littoral.<\/p>\n<p>The post <a rel=\"nofollow\" href=\"https:\/\/www.mapmarrakech.ma\/fr\/previsions-meteorologiques-pour-le-mercredi-1er-juin-2022\/\">Pr\u00e9visions m\u00e9t\u00e9orologiques pour le mercredi 1er juin 2022<\/a> appeared first on <a rel=\"nofollow\" href=\"https:\/\/www.mapmarrakech.ma\/fr\">MapMarrakech<\/a>.<\/p>\n<\/div>\n<p>Auteur: Meriem IGASS<br \/>\n<a href=\"https:\/\/www.mapmarrakech.ma\/fr\/previsions-meteorologiques-pour-le-mercredi-1er-juin-2022\/\">Cliquez ici pour lire l&rsquo;article depuis sa source.<\/a><\/p>\n","protected":false},"excerpt":{"rendered":"<p>\u2013 Temps assez chaud sur l\u2019extr\u00eame sud, le sud-est et l\u2019int\u00e9rieur du pays. \u2013 Ond\u00e9es et orages isol\u00e9s sur le Sud, l\u2019Atlas et le Sud-Est. \u2013 Formations brumeuses par endroits sur les c\u00f4tes atlantiques. \u2013 Rafales de vents assez fortes sur l\u2019Atlas, le Sud-Est et le sud des provinces sahariennes avec des chasse-poussi\u00e8res par endroits. [&hellip;]<\/p>\n","protected":false},"author":1788,"featured_media":0,"comment_status":"closed","ping_status":"closed","sticky":false,"template":"","format":"standard","meta":{"fifu_image_url":"https:\/\/www.mapmarrakech.ma\/map\/uploads\/2022\/05\/soleil-2-3.jpg","fifu_image_alt":"Pr\u00e9visions m\u00e9t\u00e9orologiques pour le mercredi 1er juin 2022","footnotes":""},"categories":[54,76],"tags":[],"class_list":["post-148950","post","type-post","status-publish","format-standard","hentry","category-maroc","category-regions"],"_links":{"self":[{"href":"https:\/\/linitiative.ca\/International\/wp-json\/wp\/v2\/posts\/148950","targetHints":{"allow":["GET"]}}],"collection":[{"href":"https:\/\/linitiative.ca\/International\/wp-json\/wp\/v2\/posts"}],"about":[{"href":"https:\/\/linitiative.ca\/International\/wp-json\/wp\/v2\/types\/post"}],"author":[{"embeddable":true,"href":"https:\/\/linitiative.ca\/International\/wp-json\/wp\/v2\/users\/1788"}],"replies":[{"embeddable":true,"href":"https:\/\/linitiative.ca\/International\/wp-json\/wp\/v2\/comments?post=148950"}],"version-history":[{"count":0,"href":"https:\/\/linitiative.ca\/International\/wp-json\/wp\/v2\/posts\/148950\/revisions"}],"wp:attachment":[{"href":"https:\/\/linitiative.ca\/International\/wp-json\/wp\/v2\/media?parent=148950"}],"wp:term":[{"taxonomy":"category","embeddable":true,"href":"https:\/\/linitiative.ca\/International\/wp-json\/wp\/v2\/categories?post=148950"},{"taxonomy":"post_tag","embeddable":true,"href":"https:\/\/linitiative.ca\/International\/wp-json\/wp\/v2\/tags?post=148950"}],"curies":[{"name":"wp","href":"https:\/\/api.w.org\/{rel}","templated":true}]}}