{"id":148952,"date":"2022-05-31T12:15:22","date_gmt":"2022-05-31T16:15:22","guid":{"rendered":"https:\/\/linitiative.ca\/International\/la-lutte-contre-le-harcelement-en-milieu-universitaire-au-centre-dune-rencontre-a-oujda\/"},"modified":"2022-05-31T12:15:22","modified_gmt":"2022-05-31T16:15:22","slug":"la-lutte-contre-le-harcelement-en-milieu-universitaire-au-centre-dune-rencontre-a-oujda","status":"publish","type":"post","link":"https:\/\/linitiative.ca\/International\/la-lutte-contre-le-harcelement-en-milieu-universitaire-au-centre-dune-rencontre-a-oujda\/","title":{"rendered":"La lutte contre le harc\u00e8lement en milieu universitaire au centre d\u2019une rencontre \u00e0 Oujda"},"content":{"rendered":"<div>\n<div style=\"margin-bottom:20px;\"><img loading=\"lazy\" decoding=\"async\" width=\"750\" height=\"430\" src=\"https:\/\/linitiative.ca\/International\/wp-content\/uploads\/sites\/23\/2022\/05\/RC3A9union-CRDH-de-lOriental-M750C397430-DR-3.jpg\" class=\"attachment-post-thumbnail size-post-thumbnail wp-post-image\" alt=\"\" srcset=\"https:\/\/linitiative.ca\/International\/wp-content\/uploads\/sites\/23\/2022\/05\/RC3A9union-CRDH-de-lOriental-M750C397430-DR-3.jpg 750w, https:\/\/www.mapoujda.ma\/map\/uploads\/2022\/05\/R\u00e9union-CRDH-de-lOriental-M750\u00d7430-DR-3-300x172.jpg 300w\" sizes=\"auto, (max-width: 750px) 100vw, 750px\"><\/div>\n<div>\n<p style=\"text-align: justify;\">Les moyens de lutter contre la violence bas\u00e9e sur le genre social dans l\u2019espace universitaire, en particulier le harc\u00e8lement sexuel, ont \u00e9t\u00e9 au centre d\u2019un forum r\u00e9gional tenu lundi \u00e0 Oujda.<\/p>\n<p style=\"text-align: justify;\">Plac\u00e9e sous le th\u00e8me \u00ab\u00a0La lutte contre le harc\u00e8lement en milieu universitaire : Quel r\u00f4le pour l\u2019universit\u00e9 et quels m\u00e9canismes ?\u00a0\u00bb, cette rencontre a \u00e9t\u00e9 organis\u00e9e la Commission r\u00e9gionale des droits de l\u2019Homme (CRDH) de l\u2019Oriental en collaboration avec l\u2019Universit\u00e9 Mohammed Premier (UMP) d\u2019Oujda.<\/p>\n<p style=\"text-align: justify;\">Le forum, qui a connu la participation de professeurs universitaires et experts dans les domaines juridique, p\u00e9dagogique, psychologique et des droits de l\u2019Homme, en pr\u00e9sence notamment de responsables judiciaires, a permis de contribuer \u00e0 l\u2019enrichissement du d\u00e9bat public sur le r\u00f4le de l\u2019universit\u00e9 en tant qu\u2019espace de sensibilisation et de conscientisation contre le harc\u00e8lement, en plus de pr\u00e9senter des exp\u00e9riences et bonnes pratiques en la mati\u00e8re \u00e0 l\u2019\u00e9chelle nationale et internationale.<\/p>\n<p style=\"text-align: justify;\">Intervenant lors de cette rencontre, la pr\u00e9sidente du Conseil national des droits de l\u2019Homme (CNDH), Amina Bouayach, a soulign\u00e9 que le Conseil place la question de la violence bas\u00e9e sur le genre social au c\u0153ur\u00a0de ses pr\u00e9occupations, et a lanc\u00e9 en novembre 2021 une campagne nationale qui se poursuit jusqu\u2019\u00e0\u00a0novembre prochain, en vue d\u2019encourager le signalement des diff\u00e9rents cas de violence contre les femmes et lutter ainsi contre l\u2019impunit\u00e9 des auteurs.<\/p>\n<p style=\"text-align: justify;\">Les statistiques relatives aux cas de violence et de harc\u00e8lement contre les femmes sont inqui\u00e9tantes, y compris pour les cas commis au sein des diff\u00e9rents espaces d\u2019enseignement et de formation, dont les universit\u00e9s, a-t-elle affirm\u00e9, appelant les universit\u00e9s \u00e0 mettre en place un cadre g\u00e9n\u00e9ral facilitant le signalement des cas de harc\u00e8lement et de violence bas\u00e9e sur le genre social.<\/p>\n<p style=\"text-align: justify;\">Il s\u2019agit aussi d\u2019apporter le soutien aux victimes et de prendre des mesures urgentes contre les auteurs de ces actes \u00e0 chaque fois qu\u2019un cas est signal\u00e9, sans oublier les mesures de rem\u00e9diation visant \u00e0 aider les victimes \u00e0 surmonter la situation et \u00e0 poursuivre leurs \u00e9tudes, a dit Mme Bouayach.<\/p>\n<p style=\"text-align: justify;\">De son c\u00f4t\u00e9, le pr\u00e9sident de l\u2019UMP, Yassine Zarhloule, a mis en exergue les efforts d\u00e9ploy\u00e9s par cette universit\u00e9 en mati\u00e8re de promotion des droits et de la contribution des femmes, qu\u2019elles soient \u00e9tudiantes, professeurs ou fonctionnaires de cette institution, ainsi que sur le plan de la lutte contre toutes les formes de violence et de harc\u00e8lement bas\u00e9es sur le genre social.<\/p>\n<p style=\"text-align: justify;\">Il a relev\u00e9 que l\u2019UMP a lanc\u00e9 une exp\u00e9rience pionni\u00e8re consistant en la mise en place d\u2019un budget consacr\u00e9 \u00e0 la promotion de l\u2019approche genre, ajoutant que les universit\u00e9s doivent \u00eatre des espaces de promotion des valeurs nobles de l\u2019humanit\u00e9, loin de tout comportement d\u00e9gradant pour la dignit\u00e9 humaine.<\/p>\n<p style=\"text-align: justify;\">Ce forum s\u2019inscrit dans le cadre de la campagne onusienne de lutte contre la violence \u00e0 l\u2019\u00e9gard des femmes et des filles, lanc\u00e9e en novembre 2021. Il fait partie d\u2019une s\u00e9rie de rencontres similaires organis\u00e9es par le CNDH dans les diff\u00e9rentes r\u00e9gions du Maroc autour de la violence bas\u00e9e sur le genre social.<\/p>\n<p style=\"text-align: justify;\">Ces rencontres interviennent en pr\u00e9paration d\u2019une conf\u00e9rence nationale qui sera organis\u00e9e sur ce th\u00e8me en novembre prochain.<\/p>\n<\/div>\n<p>L\u2019article <a rel=\"nofollow\" href=\"https:\/\/www.mapoujda.ma\/fr\/la-lutte-contre-le-harcelement-en-milieu-universitaire-au-centre-dune-rencontre-a-oujda\/\">La lutte contre le harc\u00e8lement en milieu universitaire au centre d\u2019une rencontre \u00e0 Oujda<\/a> est apparu en premier sur <a rel=\"nofollow\" href=\"https:\/\/www.mapoujda.ma\/fr\">MapOujda<\/a>.<\/p>\n<\/div>\n<p>Auteur: Soufiane ELAHMAR<br \/>\n<a href=\"https:\/\/www.mapoujda.ma\/fr\/la-lutte-contre-le-harcelement-en-milieu-universitaire-au-centre-dune-rencontre-a-oujda\/\">Cliquez ici pour lire l&rsquo;article depuis sa source.<\/a><\/p>\n","protected":false},"excerpt":{"rendered":"<p>Les moyens de lutter contre la violence bas\u00e9e sur le genre social dans l\u2019espace universitaire, en particulier le harc\u00e8lement sexuel, ont \u00e9t\u00e9 au centre d\u2019un forum r\u00e9gional tenu lundi \u00e0 Oujda. Plac\u00e9e sous le th\u00e8me \u00ab\u00a0La lutte contre le harc\u00e8lement en milieu universitaire : Quel r\u00f4le pour l\u2019universit\u00e9 et quels m\u00e9canismes ?\u00a0\u00bb, cette rencontre a [&hellip;]<\/p>\n","protected":false},"author":1788,"featured_media":0,"comment_status":"closed","ping_status":"closed","sticky":false,"template":"","format":"standard","meta":{"fifu_image_url":"https:\/\/www.mapoujda.ma\/map\/uploads\/2022\/05\/R\u00e9union-CRDH-de-lOriental-M750\u00d7430-DR-3.jpg","fifu_image_alt":"La lutte contre le harc\u00e8lement en milieu universitaire au centre d\u2019une rencontre \u00e0 Oujda","footnotes":""},"categories":[54,76],"tags":[],"class_list":["post-148952","post","type-post","status-publish","format-standard","hentry","category-maroc","category-regions"],"_links":{"self":[{"href":"https:\/\/linitiative.ca\/International\/wp-json\/wp\/v2\/posts\/148952","targetHints":{"allow":["GET"]}}],"collection":[{"href":"https:\/\/linitiative.ca\/International\/wp-json\/wp\/v2\/posts"}],"about":[{"href":"https:\/\/linitiative.ca\/International\/wp-json\/wp\/v2\/types\/post"}],"author":[{"embeddable":true,"href":"https:\/\/linitiative.ca\/International\/wp-json\/wp\/v2\/users\/1788"}],"replies":[{"embeddable":true,"href":"https:\/\/linitiative.ca\/International\/wp-json\/wp\/v2\/comments?post=148952"}],"version-history":[{"count":0,"href":"https:\/\/linitiative.ca\/International\/wp-json\/wp\/v2\/posts\/148952\/revisions"}],"wp:attachment":[{"href":"https:\/\/linitiative.ca\/International\/wp-json\/wp\/v2\/media?parent=148952"}],"wp:term":[{"taxonomy":"category","embeddable":true,"href":"https:\/\/linitiative.ca\/International\/wp-json\/wp\/v2\/categories?post=148952"},{"taxonomy":"post_tag","embeddable":true,"href":"https:\/\/linitiative.ca\/International\/wp-json\/wp\/v2\/tags?post=148952"}],"curies":[{"name":"wp","href":"https:\/\/api.w.org\/{rel}","templated":true}]}}