{"id":148954,"date":"2022-05-31T12:23:17","date_gmt":"2022-05-31T16:23:17","guid":{"rendered":"https:\/\/linitiative.ca\/International\/deux-clubs-marocains-se-disputent-la-supercoupe-une-premiere\/"},"modified":"2022-05-31T12:23:17","modified_gmt":"2022-05-31T16:23:17","slug":"deux-clubs-marocains-se-disputent-la-supercoupe-une-premiere","status":"publish","type":"post","link":"https:\/\/linitiative.ca\/International\/deux-clubs-marocains-se-disputent-la-supercoupe-une-premiere\/","title":{"rendered":"Deux clubs marocains se disputent la Supercoupe, une premi\u00e8re"},"content":{"rendered":"<div>\n<div style=\"margin-bottom:20px;\"><img loading=\"lazy\" decoding=\"async\" width=\"750\" height=\"430\" src=\"https:\/\/linitiative.ca\/International\/wp-content\/uploads\/sites\/23\/2022\/05\/RSB-vs-WAC-750C397430-MAP.jpg\" class=\"attachment-post-thumbnail size-post-thumbnail wp-post-image\" alt=\"\" srcset=\"https:\/\/linitiative.ca\/International\/wp-content\/uploads\/sites\/23\/2022\/05\/RSB-vs-WAC-750C397430-MAP.jpg 750w, https:\/\/www.mapoujda.ma\/map\/uploads\/2022\/05\/RSB-vs-WAC-750\u00d7430-MAP-300x172.jpg 300w\" sizes=\"auto, (max-width: 750px) 100vw, 750px\"><\/div>\n<div>\n<p style=\"text-align: justify;\">Le Wydad de Casablanca, vainqueur lundi de la Ligue des champions d\u2019Afrique, affrontera la Renaissance de Berkane, titulaire de la Coupe de la CAF, lors de la premi\u00e8re Supercoupe d\u2019Afrique \u00e0 mettre aux prises deux clubs marocains.<\/p>\n<p style=\"text-align: justify;\">La date de cette Supercoupe in\u00e9dite sera fix\u00e9e par la Conf\u00e9d\u00e9ration africaine de football ult\u00e9rieurement.<\/p>\n<p style=\"text-align: justify;\">Le Wydad de Casablanca a remport\u00e9 la Ligue des champions, en battant Al Ahly du Caire par 2 buts \u00e0 0, lundi au complexe sportif Mohammed V.<\/p>\n<p style=\"text-align: justify;\">La Renaissance de Berkane, elle, avait d\u00e9croch\u00e9 son deuxi\u00e8me titre de la Coupe de la CAF, en battant la formation sud-africaine d\u2019Orlando Pirates par 5 tirs au but \u00e0 4 (temps r\u00e9glementaire: 0-0, prolongations: 1-1), en finale disput\u00e9e le 20 mai \u00e0 Uyo (Nigeria).<\/p>\n<\/div>\n<p>L\u2019article <a rel=\"nofollow\" href=\"https:\/\/www.mapoujda.ma\/fr\/deux-clubs-marocains-se-disputent-la-supercoupe-une-premiere\/\">Deux clubs marocains se disputent la Supercoupe, une premi\u00e8re<\/a> est apparu en premier sur <a rel=\"nofollow\" href=\"https:\/\/www.mapoujda.ma\/fr\">MapOujda<\/a>.<\/p>\n<\/div>\n<p>Auteur: Soufiane ELAHMAR<br \/>\n<a href=\"https:\/\/www.mapoujda.ma\/fr\/deux-clubs-marocains-se-disputent-la-supercoupe-une-premiere\/\">Cliquez ici pour lire l&rsquo;article depuis sa source.<\/a><\/p>\n","protected":false},"excerpt":{"rendered":"<p>Le Wydad de Casablanca, vainqueur lundi de la Ligue des champions d\u2019Afrique, affrontera la Renaissance de Berkane, titulaire de la Coupe de la CAF, lors de la premi\u00e8re Supercoupe d\u2019Afrique \u00e0 mettre aux prises deux clubs marocains. La date de cette Supercoupe in\u00e9dite sera fix\u00e9e par la Conf\u00e9d\u00e9ration africaine de football ult\u00e9rieurement. Le Wydad de [&hellip;]<\/p>\n","protected":false},"author":1788,"featured_media":0,"comment_status":"closed","ping_status":"closed","sticky":false,"template":"","format":"standard","meta":{"fifu_image_url":"https:\/\/www.mapoujda.ma\/map\/uploads\/2022\/05\/RSB-vs-WAC-750\u00d7430-MAP.jpg","fifu_image_alt":"Deux clubs marocains se disputent la Supercoupe, une premi\u00e8re","footnotes":""},"categories":[54,76],"tags":[],"class_list":["post-148954","post","type-post","status-publish","format-standard","hentry","category-maroc","category-regions"],"_links":{"self":[{"href":"https:\/\/linitiative.ca\/International\/wp-json\/wp\/v2\/posts\/148954","targetHints":{"allow":["GET"]}}],"collection":[{"href":"https:\/\/linitiative.ca\/International\/wp-json\/wp\/v2\/posts"}],"about":[{"href":"https:\/\/linitiative.ca\/International\/wp-json\/wp\/v2\/types\/post"}],"author":[{"embeddable":true,"href":"https:\/\/linitiative.ca\/International\/wp-json\/wp\/v2\/users\/1788"}],"replies":[{"embeddable":true,"href":"https:\/\/linitiative.ca\/International\/wp-json\/wp\/v2\/comments?post=148954"}],"version-history":[{"count":0,"href":"https:\/\/linitiative.ca\/International\/wp-json\/wp\/v2\/posts\/148954\/revisions"}],"wp:attachment":[{"href":"https:\/\/linitiative.ca\/International\/wp-json\/wp\/v2\/media?parent=148954"}],"wp:term":[{"taxonomy":"category","embeddable":true,"href":"https:\/\/linitiative.ca\/International\/wp-json\/wp\/v2\/categories?post=148954"},{"taxonomy":"post_tag","embeddable":true,"href":"https:\/\/linitiative.ca\/International\/wp-json\/wp\/v2\/tags?post=148954"}],"curies":[{"name":"wp","href":"https:\/\/api.w.org\/{rel}","templated":true}]}}