{"id":148956,"date":"2022-05-31T12:46:07","date_gmt":"2022-05-31T16:46:07","guid":{"rendered":"https:\/\/linitiative.ca\/International\/lancement-de-la-campagne-nationale-de-sensibilisation-aux-mefaits-du-tabagisme\/"},"modified":"2022-05-31T12:46:07","modified_gmt":"2022-05-31T16:46:07","slug":"lancement-de-la-campagne-nationale-de-sensibilisation-aux-mefaits-du-tabagisme","status":"publish","type":"post","link":"https:\/\/linitiative.ca\/International\/lancement-de-la-campagne-nationale-de-sensibilisation-aux-mefaits-du-tabagisme\/","title":{"rendered":"Lancement de la campagne nationale de sensibilisation aux m\u00e9faits du tabagisme"},"content":{"rendered":"<div>\n<div style=\"margin-bottom:20px;\"><img loading=\"lazy\" decoding=\"async\" width=\"750\" height=\"430\" src=\"https:\/\/linitiative.ca\/International\/wp-content\/uploads\/sites\/23\/2022\/05\/SiC3A8ge-du-MinistC3A8re-de-la-SantC3A9-750C397430-MAP-1-1-2.jpg\" class=\"attachment-post-thumbnail size-post-thumbnail wp-post-image\" alt=\"\" srcset=\"https:\/\/linitiative.ca\/International\/wp-content\/uploads\/sites\/23\/2022\/05\/SiC3A8ge-du-MinistC3A8re-de-la-SantC3A9-750C397430-MAP-1-1-2.jpg 750w, https:\/\/www.mapoujda.ma\/map\/uploads\/2021\/12\/Si\u00e8ge-du-Minist\u00e8re-de-la-Sant\u00e9-750\u00d7430-MAP-1-1-300x172.jpg 300w\" sizes=\"auto, (max-width: 750px) 100vw, 750px\"><\/div>\n<p style=\"text-align: justify;\">Le minist\u00e8re de la Sant\u00e9 et de la protection sociale lance, du 31 mai au 21 juin, une campagne nationale pour sensibiliser aux dangers du tabagisme et renforcer le plaidoyer autour de cette probl\u00e9matique, mais aussi de sensibiliser \u00e0 son impact sur l\u2019environnement<\/p>\n<p style=\"text-align: justify;\">\u00ab\u00a0La pr\u00e9valence du tabagisme au Maroc est de 13.4% chez les adultes \u00e2g\u00e9s de plus de 18 ans, dont 26.9% des hommes et 0,4% des femmes [STEPS 2018]\u00a0\u00bb, indique le minist\u00e8re dans un communiqu\u00e9 \u00e0 l\u2019occasion de la c\u00e9l\u00e9bration de la Journ\u00e9e mondiale Sans Tabac, soulignant que le tabac est la principale cause de d\u00e9c\u00e8s et de maladies \u00e9vitables.<\/p>\n<p style=\"text-align: justify;\">Chez les \u00e9l\u00e8ves de 13 \u00e0 15 ans, la pr\u00e9valence du tabagisme est de 6% [GYTS 2016] alors qu\u2019environ 35.6% de la population est expos\u00e9e au tabagisme passif dans les lieux publics et professionnels.<\/p>\n<p style=\"text-align: justify;\">Selon les r\u00e9sultats de l\u2019\u00e9valuation de l\u2019impact \u00e9pid\u00e9miologique et \u00e9conomique du tabagisme au Maroc r\u00e9alis\u00e9e en 2021, le tabac \u00e9tait responsable en 2019 de 74.000 cas pr\u00e9valent de cardiopathie isch\u00e9mique, 4.227 nouveaux cas annuels du cancer du poumon.<\/p>\n<p style=\"text-align: justify;\">La mortalit\u00e9 attribu\u00e9e au tabac en 2019 \u00e9tait de 12.800 d\u00e9c\u00e8s pr\u00e9matur\u00e9s, rel\u00e8ve le minist\u00e8re, notant que le co\u00fbt \u00e9conomique annuel du tabac au Maroc s\u2019\u00e9l\u00e8ve \u00e0 plus de 5 milliards de DH en 2019, repr\u00e9sentant 8.5% des d\u00e9penses totales de sant\u00e9 (DTS) et 0.45% du PIB. Ce co\u00fbt se r\u00e9partit entre le co\u00fbt direct m\u00e9dical (60.9%), celui de la mortalit\u00e9 (33.0%) et de la perte de productivit\u00e9 li\u00e9e \u00e0 la morbidit\u00e9 (6.1%).<\/p>\n<p style=\"text-align: justify;\">Dans ce contexte, le minist\u00e8re de la Sant\u00e9 et de la protection sociale souligne l\u2019importance de l\u2019implication de tous, individus, d\u00e9partements et soci\u00e9t\u00e9 civile, dans le renforcement de la lutte contre le tabac, aussi bien en mati\u00e8re de pr\u00e9vention de l\u2019initiation au tabagisme chez les jeunes, le soutien et l\u2019accompagnement de l\u2019abandon des habitudes tabagiques.<\/p>\n<p style=\"text-align: justify;\">Il met l\u2019accent \u00e0 cet \u00e9gard sur l\u2019adh\u00e9sion aux services d\u2019aide au sevrage tabagique disponibles dans les structures du minist\u00e8re de la Sant\u00e9 et de la protection sociale ainsi que sur le plaidoyer pour la mise en \u0153uvre d\u2019une l\u00e9gislation stricte n\u00e9cessaire pour la protection des non-fumeurs contre l\u2019exposition \u00e0 la fum\u00e9e de tabac et l\u2019interdiction de la consommation du tabac dans les espaces publics.<\/p>\n<p style=\"text-align: justify;\">Le Maroc c\u00e9l\u00e8bre la Journ\u00e9e mondiale sans tabac (31 mai) sous le th\u00e8me \u00ab Arr\u00eatons le tabac pour notre sant\u00e9 et pour la sant\u00e9 de notre environnement \u00bb, qui s\u2019inscrit dans la continuit\u00e9 de la c\u00e9l\u00e9bration de la journ\u00e9e mondiale de la sant\u00e9 2022 \u00ab notre plan\u00e8te, notre sant\u00e9 \u00bb.<\/p>\n<p>L\u2019article <a rel=\"nofollow\" href=\"https:\/\/www.mapoujda.ma\/fr\/lancement-de-la-campagne-nationale-de-sensibilisation-aux-mefaits-du-tabagisme\/\">Lancement de la campagne nationale de sensibilisation aux m\u00e9faits du tabagisme<\/a> est apparu en premier sur <a rel=\"nofollow\" href=\"https:\/\/www.mapoujda.ma\/fr\">MapOujda<\/a>.<\/p>\n<\/div>\n<p>Auteur: Soufiane ELAHMAR<br \/>\n<a href=\"https:\/\/www.mapoujda.ma\/fr\/lancement-de-la-campagne-nationale-de-sensibilisation-aux-mefaits-du-tabagisme\/\">Cliquez ici pour lire l&rsquo;article depuis sa source.<\/a><\/p>\n","protected":false},"excerpt":{"rendered":"<p>Le minist\u00e8re de la Sant\u00e9 et de la protection sociale lance, du 31 mai au 21 juin, une campagne nationale pour sensibiliser aux dangers du tabagisme et renforcer le plaidoyer autour de cette probl\u00e9matique, mais aussi de sensibiliser \u00e0 son impact sur l\u2019environnement \u00ab\u00a0La pr\u00e9valence du tabagisme au Maroc est de 13.4% chez les adultes [&hellip;]<\/p>\n","protected":false},"author":1788,"featured_media":0,"comment_status":"closed","ping_status":"closed","sticky":false,"template":"","format":"standard","meta":{"fifu_image_url":"https:\/\/www.mapoujda.ma\/map\/uploads\/2021\/12\/Si\u00e8ge-du-Minist\u00e8re-de-la-Sant\u00e9-750\u00d7430-MAP-1-1.jpg","fifu_image_alt":"Lancement de la campagne nationale de sensibilisation aux m\u00e9faits du tabagisme","footnotes":""},"categories":[54,76],"tags":[],"class_list":["post-148956","post","type-post","status-publish","format-standard","hentry","category-maroc","category-regions"],"_links":{"self":[{"href":"https:\/\/linitiative.ca\/International\/wp-json\/wp\/v2\/posts\/148956","targetHints":{"allow":["GET"]}}],"collection":[{"href":"https:\/\/linitiative.ca\/International\/wp-json\/wp\/v2\/posts"}],"about":[{"href":"https:\/\/linitiative.ca\/International\/wp-json\/wp\/v2\/types\/post"}],"author":[{"embeddable":true,"href":"https:\/\/linitiative.ca\/International\/wp-json\/wp\/v2\/users\/1788"}],"replies":[{"embeddable":true,"href":"https:\/\/linitiative.ca\/International\/wp-json\/wp\/v2\/comments?post=148956"}],"version-history":[{"count":0,"href":"https:\/\/linitiative.ca\/International\/wp-json\/wp\/v2\/posts\/148956\/revisions"}],"wp:attachment":[{"href":"https:\/\/linitiative.ca\/International\/wp-json\/wp\/v2\/media?parent=148956"}],"wp:term":[{"taxonomy":"category","embeddable":true,"href":"https:\/\/linitiative.ca\/International\/wp-json\/wp\/v2\/categories?post=148956"},{"taxonomy":"post_tag","embeddable":true,"href":"https:\/\/linitiative.ca\/International\/wp-json\/wp\/v2\/tags?post=148956"}],"curies":[{"name":"wp","href":"https:\/\/api.w.org\/{rel}","templated":true}]}}