{"id":148960,"date":"2022-05-31T10:28:33","date_gmt":"2022-05-31T14:28:33","guid":{"rendered":"https:\/\/linitiative.ca\/International\/fes-le-proces-de-la-bande-del-fayek-reporte-au-21-juin\/"},"modified":"2022-05-31T10:28:33","modified_gmt":"2022-05-31T14:28:33","slug":"fes-le-proces-de-la-bande-del-fayek-reporte-au-21-juin","status":"publish","type":"post","link":"https:\/\/linitiative.ca\/International\/fes-le-proces-de-la-bande-del-fayek-reporte-au-21-juin\/","title":{"rendered":"F\u00e8s: Le proc\u00e8s de la bande d&rsquo;El Fayek report\u00e9 au 21 juin"},"content":{"rendered":"<div>\n<div class=\"field field-name-body field-type-text-with-summary field-label-hidden\">\n<div class=\"field-items\">\n<div class=\"field-item even\" property=\"content:encoded\">\n<p class=\"rtejustify\">La Cour d&rsquo;appel de F\u00e8s a d\u00e9cid\u00e9 ce mardi le report du proc\u00e8s de la bande de Rachid El Fayek au 21 juin prochain. L&rsquo;audience de ce 31 mai 2022, la 3e du genre, a \u00e9t\u00e9 marqu\u00e9e par la comparution du d\u00e9put\u00e9 El Fayek en pr\u00e9sentiel. Ce dernier est accus\u00e9 en compagnie de 15 autres personnes de spoliation des terres\u00a0\u00bb de la Commune d&rsquo;Ouled Tayeb (Pr\u00e9fecture de F\u00e8s).<\/p>\n<\/div>\n<\/div>\n<\/div>\n<\/div>\n<p>Auteur: hgueye<br \/>\n<a href=\"https:\/\/www.leconomiste.com\/flash-infos\/fes-le-proces-de-la-bande-d-el-fayek-reporte-au-21-juin\">Cliquez ici pour lire l&rsquo;article depuis sa source.<\/a><\/p>\n","protected":false},"excerpt":{"rendered":"<p>La Cour d&rsquo;appel de F\u00e8s a d\u00e9cid\u00e9 ce mardi le report du proc\u00e8s de la bande de Rachid El Fayek au 21 juin prochain. L&rsquo;audience de ce 31 mai 2022, la 3e du genre, a \u00e9t\u00e9 marqu\u00e9e par la comparution du d\u00e9put\u00e9 El Fayek en pr\u00e9sentiel. Ce dernier est accus\u00e9 en compagnie de 15 autres [&hellip;]<\/p>\n","protected":false},"author":1763,"featured_media":0,"comment_status":"closed","ping_status":"closed","sticky":false,"template":"","format":"standard","meta":{"fifu_image_url":"","fifu_image_alt":"","footnotes":""},"categories":[78,54],"tags":[],"class_list":["post-148960","post","type-post","status-publish","format-standard","hentry","category-economie","category-maroc"],"_links":{"self":[{"href":"https:\/\/linitiative.ca\/International\/wp-json\/wp\/v2\/posts\/148960","targetHints":{"allow":["GET"]}}],"collection":[{"href":"https:\/\/linitiative.ca\/International\/wp-json\/wp\/v2\/posts"}],"about":[{"href":"https:\/\/linitiative.ca\/International\/wp-json\/wp\/v2\/types\/post"}],"author":[{"embeddable":true,"href":"https:\/\/linitiative.ca\/International\/wp-json\/wp\/v2\/users\/1763"}],"replies":[{"embeddable":true,"href":"https:\/\/linitiative.ca\/International\/wp-json\/wp\/v2\/comments?post=148960"}],"version-history":[{"count":0,"href":"https:\/\/linitiative.ca\/International\/wp-json\/wp\/v2\/posts\/148960\/revisions"}],"wp:attachment":[{"href":"https:\/\/linitiative.ca\/International\/wp-json\/wp\/v2\/media?parent=148960"}],"wp:term":[{"taxonomy":"category","embeddable":true,"href":"https:\/\/linitiative.ca\/International\/wp-json\/wp\/v2\/categories?post=148960"},{"taxonomy":"post_tag","embeddable":true,"href":"https:\/\/linitiative.ca\/International\/wp-json\/wp\/v2\/tags?post=148960"}],"curies":[{"name":"wp","href":"https:\/\/api.w.org\/{rel}","templated":true}]}}