{"id":148977,"date":"2022-05-31T10:52:00","date_gmt":"2022-05-31T14:52:00","guid":{"rendered":"https:\/\/linitiative.ca\/International\/67e-anniversaire-du-1er-juin-1955-le-jour-ou-bourguiba-a-renoue-avec-tout-ce-qui-lui-a-manque\/"},"modified":"2022-05-31T10:52:00","modified_gmt":"2022-05-31T14:52:00","slug":"67e-anniversaire-du-1er-juin-1955-le-jour-ou-bourguiba-a-renoue-avec-tout-ce-qui-lui-a-manque","status":"publish","type":"post","link":"https:\/\/linitiative.ca\/International\/67e-anniversaire-du-1er-juin-1955-le-jour-ou-bourguiba-a-renoue-avec-tout-ce-qui-lui-a-manque\/","title":{"rendered":"67e anniversaire du 1er juin 1955: le jour o\u00f9 Bourguiba a renou\u00e9 avec tout ce qui lui a manqu\u00e9"},"content":{"rendered":"<div><img decoding=\"async\" src=\"https:\/\/linitiative.ca\/International\/wp-content\/uploads\/sites\/23\/2022\/05\/1654005571_article.jpg\" alt=\"67e anniversaire du 1er juin 1955: le jour o\u00f9 Bourguiba renoue avec tout ce qui lui a manqu\u00e9\" align=\"left\">Parmi  toutes les dates qui ont marqu\u00e9 l\u2019itin\u00e9raire du pr\u00e9sident Habib  Bourguiba, dans son combat pour la lib\u00e9ration de la Tunisie, le 1er juin  est sans doute la plus embl\u00e9matique, parce que la plus li\u00e9e \u00e0 la  personne m\u00eame du \u00abCombattant supr\u00eame\u00bb, et celle dont la port\u00e9e se  r\u00e9v\u00e9lera, chemin faisant, la plus d\u00e9cisive.<\/p>\n<p>Habib Bourguiba, Ce jour-l\u00e0, rentre d\u2019exil, retrouve son peuple et r\u00e9affirme, contre vents et mar\u00e9es, un leadership intact.<br \/>\nLe 1er juin, c\u2019est le jour o\u00f9 Habib Bourguiba renoue avec tout ce qui  lui a manqu\u00e9 jusque-l\u00e0 : sa famille, ses partisans qui le soutiennent  toujours, parce qu\u2019ils l\u2019ont toujours aim\u00e9 et ce peuple auquel il a tout  &#8230;<\/p>\n<\/div>\n<p>Auteur:<br \/>\n<a href=\"https:\/\/www.leaders.com.tn\/article\/33420-67e-anniversaire-du-1er-juin-1955-le-jour-ou-bourguiba-renoue-avec-tout-ce-qui-lui-a-manque\">Cliquez ici pour lire l&rsquo;article depuis sa source.<\/a><\/p>\n","protected":false},"excerpt":{"rendered":"<p>Parmi toutes les dates qui ont marqu\u00e9 l\u2019itin\u00e9raire du pr\u00e9sident Habib Bourguiba, dans son combat pour la lib\u00e9ration de la Tunisie, le 1er juin est sans doute la plus embl\u00e9matique, parce que la plus li\u00e9e \u00e0 la personne m\u00eame du \u00abCombattant supr\u00eame\u00bb, et celle dont la port\u00e9e se r\u00e9v\u00e9lera, chemin faisant, la plus d\u00e9cisive. Habib [&hellip;]<\/p>\n","protected":false},"author":1772,"featured_media":0,"comment_status":"closed","ping_status":"closed","sticky":false,"template":"","format":"standard","meta":{"fifu_image_url":"http:\/\/www.leaders.com.tn\/uploads\/content\/thumbnails_small\/1654005571_article.jpg","fifu_image_alt":"67e anniversaire du 1er juin 1955: le jour o\u00f9 Bourguiba a renou\u00e9 avec tout ce qui lui a manqu\u00e9","footnotes":""},"categories":[73,55],"tags":[],"class_list":["post-148977","post","type-post","status-publish","format-standard","hentry","category-actualite","category-tunisie"],"_links":{"self":[{"href":"https:\/\/linitiative.ca\/International\/wp-json\/wp\/v2\/posts\/148977","targetHints":{"allow":["GET"]}}],"collection":[{"href":"https:\/\/linitiative.ca\/International\/wp-json\/wp\/v2\/posts"}],"about":[{"href":"https:\/\/linitiative.ca\/International\/wp-json\/wp\/v2\/types\/post"}],"author":[{"embeddable":true,"href":"https:\/\/linitiative.ca\/International\/wp-json\/wp\/v2\/users\/1772"}],"replies":[{"embeddable":true,"href":"https:\/\/linitiative.ca\/International\/wp-json\/wp\/v2\/comments?post=148977"}],"version-history":[{"count":0,"href":"https:\/\/linitiative.ca\/International\/wp-json\/wp\/v2\/posts\/148977\/revisions"}],"wp:attachment":[{"href":"https:\/\/linitiative.ca\/International\/wp-json\/wp\/v2\/media?parent=148977"}],"wp:term":[{"taxonomy":"category","embeddable":true,"href":"https:\/\/linitiative.ca\/International\/wp-json\/wp\/v2\/categories?post=148977"},{"taxonomy":"post_tag","embeddable":true,"href":"https:\/\/linitiative.ca\/International\/wp-json\/wp\/v2\/tags?post=148977"}],"curies":[{"name":"wp","href":"https:\/\/api.w.org\/{rel}","templated":true}]}}