{"id":148996,"date":"2022-05-31T15:37:36","date_gmt":"2022-05-31T19:37:36","guid":{"rendered":"https:\/\/linitiative.ca\/International\/elimination-des-candidats-de-lopposition-aux-legislatives-au-senegal-attention-danger\/"},"modified":"2022-05-31T15:37:36","modified_gmt":"2022-05-31T19:37:36","slug":"elimination-des-candidats-de-lopposition-aux-legislatives-au-senegal-attention-danger","status":"publish","type":"post","link":"https:\/\/linitiative.ca\/International\/elimination-des-candidats-de-lopposition-aux-legislatives-au-senegal-attention-danger\/","title":{"rendered":"ELIMINATION DES CANDIDATS DE L\u2019OPPOSITION AUX LEGISLATIVES AU SENEGAL : Attention, danger\u00a0!"},"content":{"rendered":"<div>\n<p><img decoding=\"async\" width=\"275\" height=\"183\" src=\"https:\/\/linitiative.ca\/International\/wp-content\/uploads\/sites\/23\/2022\/05\/Snengal.jpg\" class=\"attachment- size- wp-post-image\" alt=\"\" loading=\"lazy\" style=\"float:left; margin:0 15px 15px 0;\" srcset=\"https:\/\/linitiative.ca\/International\/wp-content\/uploads\/sites\/23\/2022\/05\/Snengal.jpg 275w, https:\/\/lepays.bf\/wp-content\/uploads\/2022\/05\/Snengal-150x100.jpg 150w, https:\/\/lepays.bf\/wp-content\/uploads\/2022\/05\/Snengal-128x86.jpg 128w\" sizes=\"auto, (max-width: 275px) 100vw, 275px\">Se dirige-t-on vers des l\u00e9gislatives sans les principaux candidats de l\u2019opposition au S\u00e9n\u00e9gal\u00a0?\u00a0 C\u2019est du moins ce que laisse croire l\u2019arr\u00eat\u00e9 du minist\u00e8re de l\u2019Int\u00e9rieur, rendu public le 31 mai dernier, qui invalide la liste des titulaires de la principale coalition d\u2019opposition qu\u2019est Yewwi Askan [\u2026]<\/p>\n<p>L\u2019article <a rel=\"nofollow\" href=\"https:\/\/lepays.bf\/elimination-des-candidats-de-lopposition-aux-legislatives-au-senegal-attention-danger\/\">ELIMINATION DES CANDIDATS DE L\u2019OPPOSITION AUX LEGISLATIVES AU SENEGAL : Attention, danger\u00a0!<\/a> est apparu en premier sur <a rel=\"nofollow\" href=\"https:\/\/lepays.bf\/\">Editions Le Pays<\/a>.<\/p>\n<\/div>\n<p>Auteur: Editions LEPAYS<br \/>\n<a href=\"https:\/\/lepays.bf\/elimination-des-candidats-de-lopposition-aux-legislatives-au-senegal-attention-danger\/\">Cliquez ici pour lire l&rsquo;article depuis sa source.<\/a><\/p>\n","protected":false},"excerpt":{"rendered":"<p>Se dirige-t-on vers des l\u00e9gislatives sans les principaux candidats de l\u2019opposition au S\u00e9n\u00e9gal\u00a0?\u00a0 C\u2019est du moins ce que laisse croire l\u2019arr\u00eat\u00e9 du minist\u00e8re de l\u2019Int\u00e9rieur, rendu public le 31 mai dernier, qui invalide la liste des titulaires de la principale coalition d\u2019opposition qu\u2019est Yewwi Askan [\u2026] L\u2019article ELIMINATION DES CANDIDATS DE L\u2019OPPOSITION AUX LEGISLATIVES AU [&hellip;]<\/p>\n","protected":false},"author":1813,"featured_media":0,"comment_status":"closed","ping_status":"closed","sticky":false,"template":"","format":"standard","meta":{"fifu_image_url":"https:\/\/lepays.bf\/wp-content\/uploads\/2022\/05\/Snengal.jpg","fifu_image_alt":"ELIMINATION DES CANDIDATS DE L\u2019OPPOSITION AUX LEGISLATIVES AU SENEGAL : Attention, danger\u00a0!","footnotes":""},"categories":[73,81],"tags":[],"class_list":["post-148996","post","type-post","status-publish","format-standard","hentry","category-actualite","category-burkina-faso"],"_links":{"self":[{"href":"https:\/\/linitiative.ca\/International\/wp-json\/wp\/v2\/posts\/148996","targetHints":{"allow":["GET"]}}],"collection":[{"href":"https:\/\/linitiative.ca\/International\/wp-json\/wp\/v2\/posts"}],"about":[{"href":"https:\/\/linitiative.ca\/International\/wp-json\/wp\/v2\/types\/post"}],"author":[{"embeddable":true,"href":"https:\/\/linitiative.ca\/International\/wp-json\/wp\/v2\/users\/1813"}],"replies":[{"embeddable":true,"href":"https:\/\/linitiative.ca\/International\/wp-json\/wp\/v2\/comments?post=148996"}],"version-history":[{"count":0,"href":"https:\/\/linitiative.ca\/International\/wp-json\/wp\/v2\/posts\/148996\/revisions"}],"wp:attachment":[{"href":"https:\/\/linitiative.ca\/International\/wp-json\/wp\/v2\/media?parent=148996"}],"wp:term":[{"taxonomy":"category","embeddable":true,"href":"https:\/\/linitiative.ca\/International\/wp-json\/wp\/v2\/categories?post=148996"},{"taxonomy":"post_tag","embeddable":true,"href":"https:\/\/linitiative.ca\/International\/wp-json\/wp\/v2\/tags?post=148996"}],"curies":[{"name":"wp","href":"https:\/\/api.w.org\/{rel}","templated":true}]}}