{"id":149002,"date":"2022-05-31T10:43:46","date_gmt":"2022-05-31T14:43:46","guid":{"rendered":"https:\/\/linitiative.ca\/International\/ligue-des-champions-le-wydad-remporte-le-trophee\/"},"modified":"2022-05-31T10:43:46","modified_gmt":"2022-05-31T14:43:46","slug":"ligue-des-champions-le-wydad-remporte-le-trophee","status":"publish","type":"post","link":"https:\/\/linitiative.ca\/International\/ligue-des-champions-le-wydad-remporte-le-trophee\/","title":{"rendered":"Ligue des Champions : le Wydad remporte le troph\u00e9e"},"content":{"rendered":"<div>\n<p>Le football marocain est, depuis lundi 30 mai, de retour au palmar\u00e8s de la Ligue des Champions d\u2019Afrique. En effet, le Wydad de Casablanca a battu 2-0 Al-Ahly du Caire \u00a0devant\u00a0 son\u00a0 public au stade Mohamed V de Casablanca.<\/p>\n<p>Les deux buts ont \u00e9t\u00e9 inscrits par l\u2019ailier marocain Zouheir El Moutaraji. Cette troisi\u00e8me Ligue des Champions africaine du Wydad \u00a0mettant ainsi fin \u00e0 deux ann\u00e9es de r\u00e8gne du club \u00e9gyptien.<\/p>\n<p>Le Wydad de Casablanca rejoint au palmar\u00e8s le Raja, son rival de la capitale \u00e9conomique marocaine avec trois titres de champions d\u2019Afrique.<\/p>\n<p><strong>AK<\/strong><\/p>\n<p><strong>Source\u00a0: africanews<\/strong><\/p>\n<\/div>\n<p>Auteur: Wamini SIDWAYA<br \/>\n<a href=\"https:\/\/www.sidwaya.info\/blog\/2022\/05\/31\/ligue-des-champions-le-wydad-remporte-le-trophee\/\">Cliquez ici pour lire l&rsquo;article depuis sa source.<\/a><\/p>\n","protected":false},"excerpt":{"rendered":"<p>Le football marocain est, depuis lundi 30 mai, de retour au palmar\u00e8s de la Ligue des Champions d\u2019Afrique. En effet, le Wydad de Casablanca a battu 2-0 Al-Ahly du Caire \u00a0devant\u00a0 son\u00a0 public au stade Mohamed V de Casablanca. Les deux buts ont \u00e9t\u00e9 inscrits par l\u2019ailier marocain Zouheir El Moutaraji. Cette troisi\u00e8me Ligue des [&hellip;]<\/p>\n","protected":false},"author":1816,"featured_media":0,"comment_status":"closed","ping_status":"closed","sticky":false,"template":"","format":"standard","meta":{"fifu_image_url":"","fifu_image_alt":"","footnotes":""},"categories":[73,81],"tags":[],"class_list":["post-149002","post","type-post","status-publish","format-standard","hentry","category-actualite","category-burkina-faso"],"_links":{"self":[{"href":"https:\/\/linitiative.ca\/International\/wp-json\/wp\/v2\/posts\/149002","targetHints":{"allow":["GET"]}}],"collection":[{"href":"https:\/\/linitiative.ca\/International\/wp-json\/wp\/v2\/posts"}],"about":[{"href":"https:\/\/linitiative.ca\/International\/wp-json\/wp\/v2\/types\/post"}],"author":[{"embeddable":true,"href":"https:\/\/linitiative.ca\/International\/wp-json\/wp\/v2\/users\/1816"}],"replies":[{"embeddable":true,"href":"https:\/\/linitiative.ca\/International\/wp-json\/wp\/v2\/comments?post=149002"}],"version-history":[{"count":0,"href":"https:\/\/linitiative.ca\/International\/wp-json\/wp\/v2\/posts\/149002\/revisions"}],"wp:attachment":[{"href":"https:\/\/linitiative.ca\/International\/wp-json\/wp\/v2\/media?parent=149002"}],"wp:term":[{"taxonomy":"category","embeddable":true,"href":"https:\/\/linitiative.ca\/International\/wp-json\/wp\/v2\/categories?post=149002"},{"taxonomy":"post_tag","embeddable":true,"href":"https:\/\/linitiative.ca\/International\/wp-json\/wp\/v2\/tags?post=149002"}],"curies":[{"name":"wp","href":"https:\/\/api.w.org\/{rel}","templated":true}]}}