{"id":149005,"date":"2022-05-31T12:41:04","date_gmt":"2022-05-31T16:41:04","guid":{"rendered":"https:\/\/linitiative.ca\/International\/perspectives-economiques-en-afrique-la-bad-lance-son-rapport-2022\/"},"modified":"2022-05-31T12:41:04","modified_gmt":"2022-05-31T16:41:04","slug":"perspectives-economiques-en-afrique-la-bad-lance-son-rapport-2022","status":"publish","type":"post","link":"https:\/\/linitiative.ca\/International\/perspectives-economiques-en-afrique-la-bad-lance-son-rapport-2022\/","title":{"rendered":"Perspectives \u00e9conomiques en Afrique\u00a0: La BAD lance son rapport 2022"},"content":{"rendered":"<div>\n<p><strong>Le Groupe de la BAD a lanc\u00e9, le mercredi 25 mai 2022, \u00e0 Accra au Ghana, son rapport 2022 sur les perspectives \u00e9conomiques en Afrique, lors de ses assembl\u00e9es annuelles.<\/strong><\/p>\n<p>Au troisi\u00e8me jour de ses 57es assembl\u00e9es annuelles qui se tiennent du 23 au 27 mai 2022 \u00e0 Accra au Ghana, le Groupe de la BAD a lanc\u00e9 son rapport 2022 sur les perspectives \u00e9conomiques en Afrique. Le th\u00e8me de ce document phare de la BAD est celui des assises annuelles 2022 \u00e0 savoir\u00a0: \u00ab\u00a0Favoriser la r\u00e9silience climatique et une transition \u00e9nerg\u00e9tique juste en Afrique\u00a0\u00bb.<\/p>\n<p>Au lancement de l\u2019ouvrage, le mercredi 25 mai 2022, le pr\u00e9sident du Groupe de la BAD, Dr Akinwumi Adesina, a d\u00e9clar\u00e9 que la publication des perspectives \u00e9conomiques en Afrique 2022 intervient dans le contexte de la COVID-19 et le conflit russo-ukrainien. Pour lui, les effets persistants de cette situation compromettent le rebond \u00e9conomique de l\u2019Afrique. \u00ab\u00a0L\u2019Afrique risque de glisser vers la stagflation, un cycle de croissance lente et d\u2019inflation \u00e9lev\u00e9e, alors qu\u2019elle lutte contre les effets persistants de la pand\u00e9mie et la hausse des prix du carburant et des denr\u00e9es alimentaires caus\u00e9e par le conflit en Ukraine\u00a0\u00bb, a-t-il soutenu.<\/p>\n<p>La pr\u00e9sentation du rapport faite par l\u2019\u00e9conomiste en chef de la BAD, Pr Kevin Urama, montre que l\u2019ann\u00e9e 2021 a vu un rebond \u00e0 l\u2019\u00e9chelle du continent, avec une croissance du Produit int\u00e9rieur brut (PIB) estim\u00e9e \u00e0 6,9% apr\u00e8s une contraction de 1,6% induite par la pand\u00e9mie en 2020. Mais, a-t-il indiqu\u00e9, la Banque pr\u00e9voit un ralentissement de la croissance du PIB r\u00e9el \u00e0 4,1% cette ann\u00e9e. Si le conflit persiste, a relev\u00e9 le rapport, la croissance de l\u2019Afrique est susceptible de stagner autour de 4% en 2023. L\u2019inflation devrait, quant \u00e0 elle, s\u2019acc\u00e9l\u00e9rer pour atteindre 13,5% en 2022, contre 13% en 2021, en raison d\u2019une forte hausse des prix de l\u2019\u00e9nergie et des denr\u00e9es alimentaires li\u00e9e \u00e0 la guerre en Ukraine. A en croire la BAD, environ 30 millions d\u2019Africains ont bascul\u00e9 dans l\u2019extr\u00eame pauvret\u00e9 et 22 millions ont perdu leur emploi en 2021 \u00e0 cause de la pand\u00e9mie.<\/p>\n<p>Pr\u00e8s de 4 millions de personnes suppl\u00e9mentaires, a pr\u00e9vu la BAD, pourraient plonger dans l\u2019extr\u00eame pauvret\u00e9 d\u2019ici la fin de 2023. Mais, aux dires du pr\u00e9sident de la BAD, les efforts internationaux, y compris ceux de la Banque, le Cadre commun du G20 pour le traitement de la dette et les 650 milliards de dollars de droits de tirage sp\u00e9ciaux \u00e9mis par le FMI soutiennent la reprise du continent. Dans le domaine du changement climatique, a soulign\u00e9 Kevin Urama, c\u2019est le d\u00e9fi le plus vital qui se pose au d\u00e9veloppement de l\u2019Afrique.<\/p>\n<p>La BAD recommande de trouver des politiques qui aident \u00e0 s\u2019adapter au climat et \u00e0 r\u00e9duire les \u00e9missions de gaz \u00e0 effet de serre, tout en poursuivant le d\u00e9veloppement social et \u00e9conomique du continent.<\/p>\n<p><strong>Boukary BONKOUNGOU<\/strong><\/p>\n<p><strong>A Accra (Ghana)<\/strong><\/p>\n<\/div>\n<p>Auteur: Wamini SIDWAYA<br \/>\n<a href=\"https:\/\/www.sidwaya.info\/blog\/2022\/05\/31\/perspectives-economiques-en-afrique-la-bad-lance-son-rapport-2022\/\">Cliquez ici pour lire l&rsquo;article depuis sa source.<\/a><\/p>\n","protected":false},"excerpt":{"rendered":"<p>Le Groupe de la BAD a lanc\u00e9, le mercredi 25 mai 2022, \u00e0 Accra au Ghana, son rapport 2022 sur les perspectives \u00e9conomiques en Afrique, lors de ses assembl\u00e9es annuelles. Au troisi\u00e8me jour de ses 57es assembl\u00e9es annuelles qui se tiennent du 23 au 27 mai 2022 \u00e0 Accra au Ghana, le Groupe de la [&hellip;]<\/p>\n","protected":false},"author":1816,"featured_media":0,"comment_status":"closed","ping_status":"closed","sticky":false,"template":"","format":"standard","meta":{"fifu_image_url":"","fifu_image_alt":"","footnotes":""},"categories":[73,81],"tags":[],"class_list":["post-149005","post","type-post","status-publish","format-standard","hentry","category-actualite","category-burkina-faso"],"_links":{"self":[{"href":"https:\/\/linitiative.ca\/International\/wp-json\/wp\/v2\/posts\/149005","targetHints":{"allow":["GET"]}}],"collection":[{"href":"https:\/\/linitiative.ca\/International\/wp-json\/wp\/v2\/posts"}],"about":[{"href":"https:\/\/linitiative.ca\/International\/wp-json\/wp\/v2\/types\/post"}],"author":[{"embeddable":true,"href":"https:\/\/linitiative.ca\/International\/wp-json\/wp\/v2\/users\/1816"}],"replies":[{"embeddable":true,"href":"https:\/\/linitiative.ca\/International\/wp-json\/wp\/v2\/comments?post=149005"}],"version-history":[{"count":0,"href":"https:\/\/linitiative.ca\/International\/wp-json\/wp\/v2\/posts\/149005\/revisions"}],"wp:attachment":[{"href":"https:\/\/linitiative.ca\/International\/wp-json\/wp\/v2\/media?parent=149005"}],"wp:term":[{"taxonomy":"category","embeddable":true,"href":"https:\/\/linitiative.ca\/International\/wp-json\/wp\/v2\/categories?post=149005"},{"taxonomy":"post_tag","embeddable":true,"href":"https:\/\/linitiative.ca\/International\/wp-json\/wp\/v2\/tags?post=149005"}],"curies":[{"name":"wp","href":"https:\/\/api.w.org\/{rel}","templated":true}]}}