{"id":149007,"date":"2022-05-31T12:54:06","date_gmt":"2022-05-31T16:54:06","guid":{"rendered":"https:\/\/linitiative.ca\/International\/lutte-contre-le-changement-climatique-au-burkina-le-ministre-seglaro-abel-some-salue-les-efforts-de-la-bad\/"},"modified":"2022-05-31T12:54:06","modified_gmt":"2022-05-31T16:54:06","slug":"lutte-contre-le-changement-climatique-au-burkina-le-ministre-seglaro-abel-some-salue-les-efforts-de-la-bad","status":"publish","type":"post","link":"https:\/\/linitiative.ca\/International\/lutte-contre-le-changement-climatique-au-burkina-le-ministre-seglaro-abel-some-salue-les-efforts-de-la-bad\/","title":{"rendered":"Lutte contre le changement climatique au Burkina\u00a0: Le ministre S\u00e9glaro Abel Som\u00e9 salue les efforts de la BAD"},"content":{"rendered":"<div>\n<p><strong>Dans le cadre des Assembl\u00e9es annuelles 2022 du Groupe de la BAD, le ministre de l\u2019Economie, des Finances et de la Prospective, Dr S\u00e9glaro Abel Som\u00e9, aux c\u00f4t\u00e9s d\u2019autres gouverneurs de la Banque, a \u00e9chang\u00e9 avec le pr\u00e9sident de la BAD, Dr Akinwumi Adesina, le mardi 24 mai 2022, \u00e0 Accra, au Ghana.<\/strong><\/p>\n<p>Apr\u00e8s l\u2019ouverture des Assembl\u00e9es annuelles 2022 du Groupe de la BAD, au cours de la matin\u00e9e du mardi 24 mai 2022, s\u2019est tenu le Conseil des gouverneurs de la Banque, simultan\u00e9ment avec la 48<sup>e<\/sup> Assembl\u00e9e annuelle du Fonds africain de d\u00e9veloppement. Le Burkina Faso, \u00e0 l\u2019instar des pays membres de la BAD, repr\u00e9sent\u00e9 par le ministre de l\u2019Economie, des Finances et de la Prospective, Dr S\u00e9glaro Abel Som\u00e9, a pris part au \u00ab\u00a0Dialogue pr\u00e9sidentiel\u00a0\u00bb. Aux c\u00f4t\u00e9s des gouverneurs du Cameroun, de Madagascar, de la Turquie (pays membre non r\u00e9gional), etc. le ministre Som\u00e9 s\u2019est entretenu avec le pr\u00e9sident de la BAD, Dr Akinwumi Adesina. Il a \u00e9t\u00e9 reconnaissant au Groupe de la BAD au regard de ses appuis au d\u00e9veloppement \u00e9conomique du Burkina Faso dans le cadre de la coop\u00e9ration bilat\u00e9rale. Malgr\u00e9 la situation s\u00e9curitaire, sanitaire et humanitaire difficile, Dr Seglaro Abel Som\u00e9 s\u2019est convaincu que l\u2019accompagnement technique et financier constant de la BAD dont b\u00e9n\u00e9ficie le <em>pays des Hommes<\/em> <em>int\u00e8gres<\/em>\u00a0 permet de poursuivre les chantiers du d\u00e9veloppement, \u00e0 savoir les initiatives d\u00e9velopp\u00e9es par les nouvelles autorit\u00e9s pour renforcer la r\u00e9silience du Burkina Faso. En effet, pour le ministre de l\u2019Economie, des Finances et de la Prospective, les priorit\u00e9s d\u00e9finies dans la feuille de route de la Transition constituent la lutte contre le terrorisme et la restauration de l\u2019int\u00e9grit\u00e9 du territoire. A ce propos, a-t-il expliqu\u00e9, la Transition a engag\u00e9 notamment la refondation de l\u2019Etat, l\u2019am\u00e9lioration de la gouvernance, le recrutement de nouveaux effectifs au profit des Forces de d\u00e9fense et de s\u00e9curit\u00e9 (FDS), le rappel des militaires \u00e0 la retraite, la r\u00e9organisation des Volontaires pour la d\u00e9fense de la patrie (VDP), le retour progressif des Personnes d\u00e9plac\u00e9es internes (PDI) dans les zones lib\u00e9r\u00e9es et la formulation de projets d\u2019aide d\u2019urgence pour r\u00e9pondre \u00e0 la crise humanitaire.<\/p>\n<p><strong>Pour une transition \u00e9nerg\u00e9tique favorable<\/strong><\/p>\n<p><strong>\u00a0<\/strong>Selon lui, le th\u00e8me des 57es Assembl\u00e9es annuelles de la BAD\u00a0: \u00ab\u00a0Favoriser la r\u00e9silience climatique et une transition \u00e9nerg\u00e9tique juste pour l\u2019Afrique\u00a0\u00bb est une opportunit\u00e9 pour discuter de l\u2019impact du changement climatique sur les \u00e9conomies africaines et des mesures \u00e0 adopter pour une transition \u00e9nerg\u00e9tique favorable aux populations. \u00ab\u00a0Le Burkina Faso, situ\u00e9 au c\u0153ur de l\u2019Afrique de l\u2019Ouest dans le Sahel, est r\u00e9guli\u00e8rement confront\u00e9 aux baisses de la pluviom\u00e9trie et aux s\u00e9cheresses entrainant un stress hydrique bien que paradoxalement le pays soit victime d\u2019inondations r\u00e9currentes avec comme cons\u00e9quence la baisse de la capacit\u00e9 de production\u00a0\u00bb, a d\u00e9clar\u00e9 le ministre en charge de l\u2019\u00e9conomie.<\/p>\n<figure id=\"attachment_50192\" aria-describedby=\"caption-attachment-50192\" style=\"width: 696px\" class=\"wp-caption alignnone\"><img loading=\"lazy\" decoding=\"async\" data-attachment-id=\"50192\" data-permalink=\"https:\/\/www.sidwaya.info\/blog\/2022\/05\/31\/lutte-contre-le-changement-climatique-au-burkina-le-ministre-seglaro-abel-some-salue-les-efforts-de-la-bad\/1-2894\/\" data-orig-file=\"https:\/\/www.sidwaya.info\/wp-content\/uploads\/2022\/05\/1-8.jpeg\" data-orig-size=\"1080,606\" data-comments-opened=\"1\" data-image-meta='{\"aperture\":\"0\",\"credit\":\"\",\"camera\":\"\",\"caption\":\"\",\"created_timestamp\":\"0\",\"copyright\":\"\",\"focal_length\":\"0\",\"iso\":\"0\",\"shutter_speed\":\"0\",\"title\":\"\",\"orientation\":\"0\"}' data-image-title=\"1\" data-image-description=\"\" data-image-caption=\"&lt;p&gt;Le ministre en charge de l\u2019\u00e9conomie, Dr S\u00e9glaro Abel Som\u00e9, a rappel\u00e9 la n\u00e9cessit\u00e9 de f\u00e9d\u00e9rer les \u00e9nergies pour venir \u00e0 bout du changement climatique en Afrique.&lt;\/p&gt;\n\" data-medium-file=\"https:\/\/www.sidwaya.info\/wp-content\/uploads\/2022\/05\/1-8-300x168.jpeg\" data-large-file=\"https:\/\/linitiative.ca\/International\/wp-content\/uploads\/sites\/23\/2022\/05\/1-8-1024x575-1.jpeg\" class=\"size-large wp-image-50192\" src=\"https:\/\/linitiative.ca\/International\/wp-content\/uploads\/sites\/23\/2022\/05\/1-8-1024x575-1.jpeg\" alt=\"\" width=\"696\" height=\"391\" srcset=\"https:\/\/linitiative.ca\/International\/wp-content\/uploads\/sites\/23\/2022\/05\/1-8-1024x575-1.jpeg 1024w, https:\/\/www.sidwaya.info\/wp-content\/uploads\/2022\/05\/1-8-300x168.jpeg 300w, https:\/\/www.sidwaya.info\/wp-content\/uploads\/2022\/05\/1-8-768x431.jpeg 768w, https:\/\/www.sidwaya.info\/wp-content\/uploads\/2022\/05\/1-8-150x84.jpeg 150w, https:\/\/www.sidwaya.info\/wp-content\/uploads\/2022\/05\/1-8-696x391.jpeg 696w, https:\/\/www.sidwaya.info\/wp-content\/uploads\/2022\/05\/1-8-1068x599.jpeg 1068w, https:\/\/www.sidwaya.info\/wp-content\/uploads\/2022\/05\/1-8-749x420.jpeg 749w, https:\/\/www.sidwaya.info\/wp-content\/uploads\/2022\/05\/1-8.jpeg 1080w\" sizes=\"auto, (max-width: 696px) 100vw, 696px\"><figcaption id=\"caption-attachment-50192\" class=\"wp-caption-text\">Le ministre en charge de l\u2019\u00e9conomie, Dr S\u00e9glaro Abel Som\u00e9, a rappel\u00e9 la n\u00e9cessit\u00e9 de f\u00e9d\u00e9rer les \u00e9nergies pour venir \u00e0 bout du changement climatique en Afrique.<\/figcaption><\/figure>\n<p>A l\u2019entendre, le changement climatique \u00e9volue \u00e0 pas de g\u00e9ant commandant d\u2019avoir une strat\u00e9gie commune pour la lutte contre le ph\u00e9nom\u00e8ne. Il a rappel\u00e9, de ce fait, l\u2019initiative \u00ab\u00a0Desert to Power (D2P)\u00a0\u00bb qui est un \u00ab\u00a0ambitieux et innovant\u00a0\u00bb projet d\u2019\u00e9lectrification solaire financ\u00e9 par la BAD et qui devrait renforcer les capacit\u00e9s de r\u00e9silience du Sahel.\u00a0\u00ab\u00a0Le Burkina Faso a int\u00e9gr\u00e9 dans son cadre l\u00e9gislatif r\u00e8glementaire, la transition \u00e9nerg\u00e9tique vers des \u00e9nergies vertes et renouvelables comme un pilier de son d\u00e9veloppement en adoptant des mesures fiscales favorables \u00e0 son utilisation. Ce cadre nous a permis de passer au mixte \u00e9nerg\u00e9tique en introduisant les \u00e9nergies renouvelables dans la production \u00e0 c\u00f4t\u00e9 des centrales \u00e9lectriques, grandes consommatrices d\u2019\u00e9nergies fossiles\u00a0\u00bb, a indiqu\u00e9 Dr S\u00e9glaro Abel Som\u00e9.<\/p>\n<p>Il a pris l\u2019exemple de la centrale solaire photovolta\u00efque de Zagtouli de 33 MW en phase d\u2019extension \u00e0 50 MW qui a permis d\u2019injecter de l\u2019\u00e9nergie solaire dans le r\u00e9seau de la SONABEL pour la consommation des populations. La rencontre a \u00e9t\u00e9 \u00e9galement une occasion pour le ministre en charge de l\u2019\u00e9conomie de plaider aupr\u00e8s du pr\u00e9sident de la BAD, la lev\u00e9e de la mesure de suspension des d\u00e9caissements afin de permettre la mise en \u0153uvre des projets et de faciliter celle du Plan d\u2019actions de la Transition. Aussi, l\u2019adoption prochaine du Document de strat\u00e9gie pays (DSP) 2022-2026 par les deux parties devrait permettre de renforcer des infrastructures durables pour une croissance inclusive et verte et de soutenir les chaines de valeurs agricoles pour la r\u00e9silience de l\u2019\u00e9conomie.<\/p>\n<p>Au cours de la r\u00e9union, Dr S\u00e9glaro Abel Som\u00e9 a appel\u00e9 \u00e0 une action commune dans la lutte contre le changement climatique et pour assurer une transition \u00e9nerg\u00e9tique \u00a0pour l\u2019Afrique.<\/p>\n<p><strong>\u00a0\u00a0\u00a0\u00a0\u00a0\u00a0\u00a0\u00a0\u00a0\u00a0\u00a0\u00a0\u00a0\u00a0\u00a0\u00a0\u00a0\u00a0\u00a0\u00a0\u00a0\u00a0\u00a0\u00a0\u00a0\u00a0\u00a0\u00a0\u00a0\u00a0\u00a0\u00a0\u00a0\u00a0\u00a0\u00a0\u00a0\u00a0\u00a0\u00a0\u00a0\u00a0\u00a0\u00a0\u00a0\u00a0\u00a0\u00a0\u00a0\u00a0\u00a0\u00a0\u00a0\u00a0\u00a0\u00a0\u00a0\u00a0\u00a0\u00a0\u00a0\u00a0\u00a0\u00a0\u00a0\u00a0\u00a0\u00a0\u00a0\u00a0\u00a0\u00a0\u00a0\u00a0\u00a0\u00a0\u00a0\u00a0\u00a0\u00a0\u00a0\u00a0\u00a0 Boukary BONKOUNGOU<\/strong><\/p>\n<p><strong>\u00a0\u00a0\u00a0\u00a0\u00a0\u00a0\u00a0\u00a0\u00a0\u00a0\u00a0\u00a0\u00a0\u00a0\u00a0\u00a0\u00a0\u00a0\u00a0\u00a0\u00a0\u00a0\u00a0\u00a0\u00a0\u00a0\u00a0\u00a0\u00a0\u00a0\u00a0\u00a0\u00a0\u00a0\u00a0\u00a0\u00a0\u00a0\u00a0\u00a0\u00a0\u00a0\u00a0\u00a0\u00a0\u00a0\u00a0\u00a0\u00a0\u00a0\u00a0\u00a0\u00a0\u00a0\u00a0\u00a0\u00a0\u00a0\u00a0\u00a0\u00a0\u00a0\u00a0\u00a0\u00a0\u00a0\u00a0\u00a0\u00a0\u00a0\u00a0\u00a0\u00a0\u00a0\u00a0\u00a0\u00a0\u00a0\u00a0\u00a0\u00a0\u00a0\u00a0 A Accra (Ghana)<\/strong><\/p>\n<\/div>\n<p>Auteur: Wamini SIDWAYA<br \/>\n<a href=\"https:\/\/www.sidwaya.info\/blog\/2022\/05\/31\/lutte-contre-le-changement-climatique-au-burkina-le-ministre-seglaro-abel-some-salue-les-efforts-de-la-bad\/\">Cliquez ici pour lire l&rsquo;article depuis sa source.<\/a><\/p>\n","protected":false},"excerpt":{"rendered":"<p>Dans le cadre des Assembl\u00e9es annuelles 2022 du Groupe de la BAD, le ministre de l\u2019Economie, des Finances et de la Prospective, Dr S\u00e9glaro Abel Som\u00e9, aux c\u00f4t\u00e9s d\u2019autres gouverneurs de la Banque, a \u00e9chang\u00e9 avec le pr\u00e9sident de la BAD, Dr Akinwumi Adesina, le mardi 24 mai 2022, \u00e0 Accra, au Ghana. Apr\u00e8s l\u2019ouverture [&hellip;]<\/p>\n","protected":false},"author":1816,"featured_media":0,"comment_status":"closed","ping_status":"closed","sticky":false,"template":"","format":"standard","meta":{"fifu_image_url":"https:\/\/www.sidwaya.info\/wp-content\/uploads\/2022\/05\/1-8-1024x575.jpeg","fifu_image_alt":"Lutte contre le changement climatique au Burkina\u00a0: Le ministre S\u00e9glaro Abel Som\u00e9 salue les efforts de la BAD","footnotes":""},"categories":[73,81],"tags":[],"class_list":["post-149007","post","type-post","status-publish","format-standard","hentry","category-actualite","category-burkina-faso"],"_links":{"self":[{"href":"https:\/\/linitiative.ca\/International\/wp-json\/wp\/v2\/posts\/149007","targetHints":{"allow":["GET"]}}],"collection":[{"href":"https:\/\/linitiative.ca\/International\/wp-json\/wp\/v2\/posts"}],"about":[{"href":"https:\/\/linitiative.ca\/International\/wp-json\/wp\/v2\/types\/post"}],"author":[{"embeddable":true,"href":"https:\/\/linitiative.ca\/International\/wp-json\/wp\/v2\/users\/1816"}],"replies":[{"embeddable":true,"href":"https:\/\/linitiative.ca\/International\/wp-json\/wp\/v2\/comments?post=149007"}],"version-history":[{"count":0,"href":"https:\/\/linitiative.ca\/International\/wp-json\/wp\/v2\/posts\/149007\/revisions"}],"wp:attachment":[{"href":"https:\/\/linitiative.ca\/International\/wp-json\/wp\/v2\/media?parent=149007"}],"wp:term":[{"taxonomy":"category","embeddable":true,"href":"https:\/\/linitiative.ca\/International\/wp-json\/wp\/v2\/categories?post=149007"},{"taxonomy":"post_tag","embeddable":true,"href":"https:\/\/linitiative.ca\/International\/wp-json\/wp\/v2\/tags?post=149007"}],"curies":[{"name":"wp","href":"https:\/\/api.w.org\/{rel}","templated":true}]}}