{"id":149009,"date":"2022-05-31T12:18:04","date_gmt":"2022-05-31T16:18:04","guid":{"rendered":"https:\/\/linitiative.ca\/International\/namibie-retour-de-23-objets-culturels-derobes-par-lallemagne\/"},"modified":"2022-05-31T12:18:04","modified_gmt":"2022-05-31T16:18:04","slug":"namibie-retour-de-23-objets-culturels-derobes-par-lallemagne","status":"publish","type":"post","link":"https:\/\/linitiative.ca\/International\/namibie-retour-de-23-objets-culturels-derobes-par-lallemagne\/","title":{"rendered":"Namibie : retour de 23 objets culturels d\u00e9rob\u00e9s par l\u2019Allemagne"},"content":{"rendered":"<div>\n<p><img decoding=\"async\" width=\"1280\" height=\"720\" src=\"https:\/\/linitiative.ca\/International\/wp-content\/uploads\/sites\/23\/2022\/05\/16540138842991.jpg\" class=\"attachment-post-thumbnail size-post-thumbnail wp-post-image\" alt=\"\" loading=\"lazy\" srcset=\"https:\/\/linitiative.ca\/International\/wp-content\/uploads\/sites\/23\/2022\/05\/16540138842991.jpg 1280w, https:\/\/www.journalducameroun.com\/wp-content\/uploads\/2022\/05\/16540138842991-300x169.jpg 300w, https:\/\/www.journalducameroun.com\/wp-content\/uploads\/2022\/05\/16540138842991-1024x576.jpg 1024w, https:\/\/www.journalducameroun.com\/wp-content\/uploads\/2022\/05\/16540138842991-768x432.jpg 768w, https:\/\/www.journalducameroun.com\/wp-content\/uploads\/2022\/05\/16540138842991-780x440.jpg 780w, https:\/\/www.journalducameroun.com\/wp-content\/uploads\/2022\/05\/16540138842991-380x215.jpg 380w, https:\/\/www.journalducameroun.com\/wp-content\/uploads\/2022\/05\/16540138842991-160x90.jpg 160w, https:\/\/www.journalducameroun.com\/wp-content\/uploads\/2022\/05\/16540138842991-240x135.jpg 240w, https:\/\/www.journalducameroun.com\/wp-content\/uploads\/2022\/05\/16540138842991-782x440.jpg 782w, https:\/\/www.journalducameroun.com\/wp-content\/uploads\/2022\/05\/16540138842991-600x338.jpg 600w\" sizes=\"auto, (max-width: 1280px) 100vw, 1280px\"><\/p>\n<p>La collection, choisie par des experts locaux pour son importance historique, culturelle et esth\u00e9tique, sera expos\u00e9e au Mus\u00e9e national de Windhoek.La dynamique de restitution de biens culturels pill\u00e9s durant la colonisation se poursuit. Comme la France, l&rsquo;Allemagne a remis hier lundi, \u00e0 la Namibie, son ancienne colonie, 23 pi\u00e8ces sous la forme de pr\u00eat.<\/p>\n<p>Ces artefacts, compos\u00e9s notamment d&rsquo;un r\u00e9cipient orn\u00e9 de trois t\u00eates, d&rsquo;une poup\u00e9e portant une robe traditionnelle, de bijoux et de lances, \u00ab resteront en Namibie \u00bb, a rassur\u00e9 Hermann Parzinger, le pr\u00e9sident de la Fondation du patrimoine culturel prussien, organisme du gouvernement f\u00e9d\u00e9ral allemand qui supervise les mus\u00e9es et organisations culturelles \u00e0 Berlin et dans les environs.<\/p>\n<p>Visibles par le grand public, les \u0153uvres culturelles seront \u00e9tudi\u00e9es par des chercheurs namibiens pour en d\u00e9voiler tous les secrets.<\/p>\n<p>Cet article <a rel=\"nofollow\" href=\"https:\/\/www.journalducameroun.com\/namibie-retour-de-23-objets-culturels-derobes-par-lallemagne\/\">Namibie : retour de 23 objets culturels d\u00e9rob\u00e9s par l\u2019Allemagne<\/a> est apparu en premier sur <a rel=\"nofollow\" href=\"https:\/\/www.journalducameroun.com\/\">Journal du Cameroun<\/a>.<\/p>\n<\/div>\n<p>Auteur: APA News<br \/>\n<a href=\"https:\/\/www.journalducameroun.com\/namibie-retour-de-23-objets-culturels-derobes-par-lallemagne\/\">Cliquez ici pour lire l&rsquo;article depuis sa source.<\/a><\/p>\n","protected":false},"excerpt":{"rendered":"<p>La collection, choisie par des experts locaux pour son importance historique, culturelle et esth\u00e9tique, sera expos\u00e9e au Mus\u00e9e national de Windhoek.La dynamique de restitution de biens culturels pill\u00e9s durant la colonisation se poursuit. Comme la France, l&rsquo;Allemagne a remis hier lundi, \u00e0 la Namibie, son ancienne colonie, 23 pi\u00e8ces sous la forme de pr\u00eat. Ces [&hellip;]<\/p>\n","protected":false},"author":1965,"featured_media":0,"comment_status":"closed","ping_status":"closed","sticky":false,"template":"","format":"standard","meta":{"fifu_image_url":"https:\/\/www.journalducameroun.com\/wp-content\/uploads\/2022\/05\/16540138842991.jpg","fifu_image_alt":"Namibie : retour de 23 objets culturels d\u00e9rob\u00e9s par l\u2019Allemagne","footnotes":""},"categories":[73,82],"tags":[],"class_list":["post-149009","post","type-post","status-publish","format-standard","hentry","category-actualite","category-cameroun"],"_links":{"self":[{"href":"https:\/\/linitiative.ca\/International\/wp-json\/wp\/v2\/posts\/149009","targetHints":{"allow":["GET"]}}],"collection":[{"href":"https:\/\/linitiative.ca\/International\/wp-json\/wp\/v2\/posts"}],"about":[{"href":"https:\/\/linitiative.ca\/International\/wp-json\/wp\/v2\/types\/post"}],"author":[{"embeddable":true,"href":"https:\/\/linitiative.ca\/International\/wp-json\/wp\/v2\/users\/1965"}],"replies":[{"embeddable":true,"href":"https:\/\/linitiative.ca\/International\/wp-json\/wp\/v2\/comments?post=149009"}],"version-history":[{"count":0,"href":"https:\/\/linitiative.ca\/International\/wp-json\/wp\/v2\/posts\/149009\/revisions"}],"wp:attachment":[{"href":"https:\/\/linitiative.ca\/International\/wp-json\/wp\/v2\/media?parent=149009"}],"wp:term":[{"taxonomy":"category","embeddable":true,"href":"https:\/\/linitiative.ca\/International\/wp-json\/wp\/v2\/categories?post=149009"},{"taxonomy":"post_tag","embeddable":true,"href":"https:\/\/linitiative.ca\/International\/wp-json\/wp\/v2\/tags?post=149009"}],"curies":[{"name":"wp","href":"https:\/\/api.w.org\/{rel}","templated":true}]}}