{"id":149011,"date":"2022-05-31T13:18:03","date_gmt":"2022-05-31T17:18:03","guid":{"rendered":"https:\/\/linitiative.ca\/International\/conflit-ukrainien-macky-sall-fait-encore-entendre-la-voix-de-lafrique\/"},"modified":"2022-05-31T13:18:03","modified_gmt":"2022-05-31T17:18:03","slug":"conflit-ukrainien-macky-sall-fait-encore-entendre-la-voix-de-lafrique","status":"publish","type":"post","link":"https:\/\/linitiative.ca\/International\/conflit-ukrainien-macky-sall-fait-encore-entendre-la-voix-de-lafrique\/","title":{"rendered":"Conflit ukrainien : Macky Sall fait encore entendre la voix de l\u2019Afrique"},"content":{"rendered":"<div>\n<p><img decoding=\"async\" width=\"1280\" height=\"891\" src=\"https:\/\/linitiative.ca\/International\/wp-content\/uploads\/sites\/23\/2022\/05\/16540174842494.jpg\" class=\"attachment-post-thumbnail size-post-thumbnail wp-post-image\" alt=\"\" loading=\"lazy\" srcset=\"https:\/\/linitiative.ca\/International\/wp-content\/uploads\/sites\/23\/2022\/05\/16540174842494.jpg 1280w, https:\/\/www.journalducameroun.com\/wp-content\/uploads\/2022\/05\/16540174842494-300x209.jpg 300w, https:\/\/www.journalducameroun.com\/wp-content\/uploads\/2022\/05\/16540174842494-1024x713.jpg 1024w, https:\/\/www.journalducameroun.com\/wp-content\/uploads\/2022\/05\/16540174842494-768x535.jpg 768w, https:\/\/www.journalducameroun.com\/wp-content\/uploads\/2022\/05\/16540174842494-632x440.jpg 632w, https:\/\/www.journalducameroun.com\/wp-content\/uploads\/2022\/05\/16540174842494-600x418.jpg 600w\" sizes=\"auto, (max-width: 1280px) 100vw, 1280px\"><\/p>\n<p>Le pr\u00e9sident en exercice de l&rsquo;Union Africaine (UA) a particip\u00e9, ce mardi matin, \u00e0 une r\u00e9union virtuelle du Conseil europ\u00e9en.La crise alimentaire engendr\u00e9e par la guerre entre la Russie et l&rsquo;Ukraine \u00e9tait au c\u0153ur des \u00e9changes entre les membres du Conseil europ\u00e9en. Un organe qui d\u00e9finit les orientations et les priorit\u00e9s politiques g\u00e9n\u00e9rales de l&rsquo;Union Europ\u00e9enne (UE).<\/p>\n<p>Le chef de l&rsquo;Etat s\u00e9n\u00e9galais a pris part \u00e0 la rencontre par visioconf\u00e9rence. Sur Twitter, le successeur de F\u00e9lix Tshisekedi \u00e0 la pr\u00e9sidence tournante de l&rsquo;Union Africaine (UA) a remerci\u00e9 les dirigeants europ\u00e9ens\u00a0qui l&rsquo;ont impliqu\u00e9 dans la recherche de \u00ab solutions\u00a0\u00bb \u00e0 ce probl\u00e8me \u00ab qui impacte \u00a0l&rsquo;Afrique \u00bb.<\/p>\n<p>Macky Sall a assur\u00e9 que \u00ab l&rsquo;UA poursuivra sa concertation avec l&rsquo;UE \u00bb dans ce dessein. Le pr\u00e9sident s\u00e9n\u00e9galais, mandat\u00e9 par l&rsquo;organisation panafricaine, devrait se rendre \u00e0 Moscou puis \u00e0 Kiev \u00e0 partir du 3 juin prochain pour y rencontrer ses homologues Vladimir Poutine et Volodymyr Zelensky.<\/p>\n<p>Cet article <a rel=\"nofollow\" href=\"https:\/\/www.journalducameroun.com\/conflit-ukrainien-macky-sall-fait-encore-entendre-la-voix-de-lafrique\/\">Conflit ukrainien : Macky Sall fait encore entendre la voix de l\u2019Afrique<\/a> est apparu en premier sur <a rel=\"nofollow\" href=\"https:\/\/www.journalducameroun.com\/\">Journal du Cameroun<\/a>.<\/p>\n<\/div>\n<p>Auteur: APA News<br \/>\n<a href=\"https:\/\/www.journalducameroun.com\/conflit-ukrainien-macky-sall-fait-encore-entendre-la-voix-de-lafrique\/\">Cliquez ici pour lire l&rsquo;article depuis sa source.<\/a><\/p>\n","protected":false},"excerpt":{"rendered":"<p>Le pr\u00e9sident en exercice de l&rsquo;Union Africaine (UA) a particip\u00e9, ce mardi matin, \u00e0 une r\u00e9union virtuelle du Conseil europ\u00e9en.La crise alimentaire engendr\u00e9e par la guerre entre la Russie et l&rsquo;Ukraine \u00e9tait au c\u0153ur des \u00e9changes entre les membres du Conseil europ\u00e9en. Un organe qui d\u00e9finit les orientations et les priorit\u00e9s politiques g\u00e9n\u00e9rales de l&rsquo;Union [&hellip;]<\/p>\n","protected":false},"author":1965,"featured_media":0,"comment_status":"closed","ping_status":"closed","sticky":false,"template":"","format":"standard","meta":{"fifu_image_url":"https:\/\/www.journalducameroun.com\/wp-content\/uploads\/2022\/05\/16540174842494.jpg","fifu_image_alt":"Conflit ukrainien : Macky Sall fait encore entendre la voix de l\u2019Afrique","footnotes":""},"categories":[73,82],"tags":[],"class_list":["post-149011","post","type-post","status-publish","format-standard","hentry","category-actualite","category-cameroun"],"_links":{"self":[{"href":"https:\/\/linitiative.ca\/International\/wp-json\/wp\/v2\/posts\/149011","targetHints":{"allow":["GET"]}}],"collection":[{"href":"https:\/\/linitiative.ca\/International\/wp-json\/wp\/v2\/posts"}],"about":[{"href":"https:\/\/linitiative.ca\/International\/wp-json\/wp\/v2\/types\/post"}],"author":[{"embeddable":true,"href":"https:\/\/linitiative.ca\/International\/wp-json\/wp\/v2\/users\/1965"}],"replies":[{"embeddable":true,"href":"https:\/\/linitiative.ca\/International\/wp-json\/wp\/v2\/comments?post=149011"}],"version-history":[{"count":0,"href":"https:\/\/linitiative.ca\/International\/wp-json\/wp\/v2\/posts\/149011\/revisions"}],"wp:attachment":[{"href":"https:\/\/linitiative.ca\/International\/wp-json\/wp\/v2\/media?parent=149011"}],"wp:term":[{"taxonomy":"category","embeddable":true,"href":"https:\/\/linitiative.ca\/International\/wp-json\/wp\/v2\/categories?post=149011"},{"taxonomy":"post_tag","embeddable":true,"href":"https:\/\/linitiative.ca\/International\/wp-json\/wp\/v2\/tags?post=149011"}],"curies":[{"name":"wp","href":"https:\/\/api.w.org\/{rel}","templated":true}]}}