{"id":149019,"date":"2022-05-31T11:34:37","date_gmt":"2022-05-31T15:34:37","guid":{"rendered":"https:\/\/linitiative.ca\/International\/filiere-coton-le-prix-du-kilogramme-de-coton-graine-augmente-de-14-pour-la-campagne-2022-2023\/"},"modified":"2022-05-31T11:34:37","modified_gmt":"2022-05-31T15:34:37","slug":"filiere-coton-le-prix-du-kilogramme-de-coton-graine-augmente-de-14-pour-la-campagne-2022-2023","status":"publish","type":"post","link":"https:\/\/linitiative.ca\/International\/filiere-coton-le-prix-du-kilogramme-de-coton-graine-augmente-de-14-pour-la-campagne-2022-2023\/","title":{"rendered":"Fili\u00e8re coton\u00a0: le prix du kilogramme de coton graine augmente de 14% pour la campagne 2022-2023"},"content":{"rendered":"<div>\n<p>La Soci\u00e9t\u00e9 de d\u00e9veloppement du coton (Sodecoton), bras s\u00e9culier de l\u2019Etat dans la culture et la production du coton, et les associations de producteurs r\u00e9unis sous l\u2019\u00e9gide de la Conf\u00e9d\u00e9ration nationale des producteurs du coton du Cameroun (Cnpc-C), ont adopt\u00e9 un nouveau bar\u00e8me des prix de coton graine pour le compte de la campagne cotonni\u00e8re 2022-2023 \u00e0 venir. Il ressort d\u2019une note publi\u00e9e par la direction g\u00e9n\u00e9rale de l\u2019entreprise le 27 mai dernier, et conform\u00e9ment aux d\u00e9cisions de la 22<sup>e<\/sup>\u00a0session du comit\u00e9 de pilotage du Fonds de gestion du risque prix de la fili\u00e8re cotonni\u00e8re camerounaise, que le coton graine sera achet\u00e9 pour le compte de la prochaine campagne en trois qualit\u00e9s distinctes. Le coton de 1<sup>er<\/sup>\u00a0choix qui correspond \u00e0 du coton graine blanc, tri\u00e9 et exempt de tout corps \u00e9tranger, sera achet\u00e9 aux producteurs par la Sodecoton au prix de 285F le kilogramme.<\/p>\n<p><strong>Lire aussi : <a href=\"https:\/\/ecomatin.net\/filiere-coton-la-crise-des-intrants-cree-des-bisbilles-s-entre-la-sodecoton-et-les-producteurs\/\" target=\"_blank\" rel=\"noreferrer noopener\">Fili\u00e8re coton\u00a0:\u00a0la crise des intrants cr\u00e9e des bisbilles entre la Sodecoton et les producteurs<\/a><\/strong><\/p>\n<p>Cette vari\u00e9t\u00e9 premium \u00e9tait vendue \u00e0 un prix fixe de 250F lors de la pr\u00e9c\u00e9dente campagne, mais \u00e9tait major\u00e9e d\u2019une prime de pr\u00e9cocit\u00e9 qui oscillait entre 5 et 10F, et \u00e9tait tributaire de l\u2019\u00e9volution des r\u00e9coltes. On note cependant une revalorisation d\u2019au moins 35F du prix du kilogramme sur cette vari\u00e9t\u00e9, en hausse de 14% en comparaison \u00e0 la derni\u00e8re campagne. \u00ab Il y a ce qu\u2019on appelle la t\u00e9nacit\u00e9. C\u2019est-\u00e0-dire que la fibre est bien blanche, et il n\u2019y a pas de corps \u00e9tranger \u00e0 l\u2019int\u00e9rieur. Quand le coton est vendu \u00e0 l\u2019international, le prix varie en fonction de la qualit\u00e9 de la fibre \u00bb. Ceci r\u00e9sulte de ce qu\u2019on qualifie de r\u00e9colte soign\u00e9e, gr\u00e2ce \u00e0 des producteurs qui font un travail de minutie pour s\u2019assurer de la t\u00e9nacit\u00e9 du coton.<\/p>\n<p><strong>Lire aussi : <a href=\"https:\/\/ecomatin.net\/recrutement-a-sodecoton-le-directeur-general-mohamadou-bayero-repond-a-la-presidence-de-la-republique\/\" target=\"_blank\" rel=\"noreferrer noopener\">Recrutement \u00e0 Sodecoton : le Directeur g\u00e9n\u00e9ral Mohamadou Bayero, r\u00e9pond \u00e0 la pr\u00e9sidence de la R\u00e9publique<\/a><\/strong><\/p>\n<p>Pour le coton graine 2<sup>e<\/sup>\u00a0choix, qui correspond \u00e0 du coton graine blanc ou l\u00e9g\u00e8rement teint\u00e9, non tri\u00e9 mais exempt de corps \u00e9tranger, il sera achet\u00e9 par la Sodecoton au prix de 275F\/kg\u00a0; enfin, le coton graine 3<sup>e<\/sup>\u00a0choix correspondant aux \u00e9carts de triage (quartiers d\u2019orange, coton momifi\u00e9, coton color\u00e9 ou noirci\u00a0\u00bb, mais exempt de tout corps \u00e9tranger, sera vendu par les producteurs \u00e0 la Soci\u00e9t\u00e9 de d\u00e9veloppement du coton \u00e0 260F\/kg. Cette revalorisation des prix est tributaire de l\u2019\u00e9volution des cours mondiaux de coton graine, car \u00ab\u00a0sur le march\u00e9 international, le cours est tr\u00e8s bon. Et comme le cours \u00e0 l\u2019international influence le prix ici, il n\u2019y a pas de raison qu\u2019il ne monte pas \u00bb, \u00e9taye un cadre de la Sodecoton.<\/p>\n<p>La Sodecoton et les producteurs ont \u00e9galement d\u00e9fini de commun accord les prix des intrants agricoles pour la campagne prochaine. Le sac d\u2019engrais NPKSB de 50kg sera c\u00e9d\u00e9 par la Sodecoton aux paysans \u00e0 21\u00a0500F, contre 10\u00a0750F pour celui de 25kg\u00a0; l\u2019ur\u00e9e (46%N) pour sa part sera c\u00e9d\u00e9e \u00e0 20\u00a0500F le sac de 50kg. Ces intrants sont g\u00e9n\u00e9ralement c\u00e9d\u00e9s \u00e0 cr\u00e9dit par la Sodecoton aux paysans producteurs appartenant \u00e0 des coop\u00e9ratives sous contrat avec l\u2019entreprise, et r\u00e9gl\u00e9s \u00e0 la fin des r\u00e9coltes.<\/p>\n<p><strong>Lire aussi : <a href=\"https:\/\/ecomatin.net\/les-exportations-illegales-de-coton-vers-le-nigeria-font-perdre-pres-de-10-milliards-a-la-sodecoton\/\" target=\"_blank\" rel=\"noreferrer noopener\">Les exportations ill\u00e9gales de coton vers le Nigeria font perdre pr\u00e8s de 10 milliards \u00e0 la Sodecoton<\/a><\/strong><\/p>\n<p>L\u2019article <a rel=\"nofollow\" href=\"https:\/\/ecomatin.net\/filiere-coton-le-prix-du-kilogramme-de-coton-graine-augmente-de-14-pour-la-campagne-2022-2023\/\">Fili\u00e8re coton\u00a0: le prix du kilogramme de coton graine augmente de 14% pour la campagne 2022-2023<\/a> est apparu en premier sur <a rel=\"nofollow\" href=\"https:\/\/ecomatin.net\/\">EcoMatin<\/a>.<\/p>\n<\/div>\n<p>Auteur: Yannick KENNE<br \/>\n<a href=\"https:\/\/ecomatin.net\/filiere-coton-le-prix-du-kilogramme-de-coton-graine-augmente-de-14-pour-la-campagne-2022-2023\/\">Cliquez ici pour lire l&rsquo;article depuis sa source.<\/a><\/p>\n","protected":false},"excerpt":{"rendered":"<p>La Soci\u00e9t\u00e9 de d\u00e9veloppement du coton (Sodecoton), bras s\u00e9culier de l\u2019Etat dans la culture et la production du coton, et les associations de producteurs r\u00e9unis sous l\u2019\u00e9gide de la Conf\u00e9d\u00e9ration nationale des producteurs du coton du Cameroun (Cnpc-C), ont adopt\u00e9 un nouveau bar\u00e8me des prix de coton graine pour le compte de la campagne cotonni\u00e8re [&hellip;]<\/p>\n","protected":false},"author":1969,"featured_media":0,"comment_status":"closed","ping_status":"closed","sticky":false,"template":"","format":"standard","meta":{"fifu_image_url":"","fifu_image_alt":"","footnotes":""},"categories":[82,78],"tags":[],"class_list":["post-149019","post","type-post","status-publish","format-standard","hentry","category-cameroun","category-economie"],"_links":{"self":[{"href":"https:\/\/linitiative.ca\/International\/wp-json\/wp\/v2\/posts\/149019","targetHints":{"allow":["GET"]}}],"collection":[{"href":"https:\/\/linitiative.ca\/International\/wp-json\/wp\/v2\/posts"}],"about":[{"href":"https:\/\/linitiative.ca\/International\/wp-json\/wp\/v2\/types\/post"}],"author":[{"embeddable":true,"href":"https:\/\/linitiative.ca\/International\/wp-json\/wp\/v2\/users\/1969"}],"replies":[{"embeddable":true,"href":"https:\/\/linitiative.ca\/International\/wp-json\/wp\/v2\/comments?post=149019"}],"version-history":[{"count":0,"href":"https:\/\/linitiative.ca\/International\/wp-json\/wp\/v2\/posts\/149019\/revisions"}],"wp:attachment":[{"href":"https:\/\/linitiative.ca\/International\/wp-json\/wp\/v2\/media?parent=149019"}],"wp:term":[{"taxonomy":"category","embeddable":true,"href":"https:\/\/linitiative.ca\/International\/wp-json\/wp\/v2\/categories?post=149019"},{"taxonomy":"post_tag","embeddable":true,"href":"https:\/\/linitiative.ca\/International\/wp-json\/wp\/v2\/tags?post=149019"}],"curies":[{"name":"wp","href":"https:\/\/api.w.org\/{rel}","templated":true}]}}