{"id":14906,"date":"2019-02-17T15:15:33","date_gmt":"2019-02-17T20:15:33","guid":{"rendered":"https:\/\/linitiative.ca\/International\/transport-scolaire-renforcer-la-flotte\/"},"modified":"2019-02-17T15:15:33","modified_gmt":"2019-02-17T20:15:33","slug":"transport-scolaire-renforcer-la-flotte","status":"publish","type":"post","link":"https:\/\/linitiative.ca\/International\/transport-scolaire-renforcer-la-flotte\/","title":{"rendered":"Transport scolaire : renforcer la flotte"},"content":{"rendered":"<p>Le parc de transport scolaire de la wilaya de M\u2019sila s\u2019est renforc\u00e9, \u00e0 la faveur de l\u2019acquisition de 10 nouveaux bus, a-t-on appris aupr\u00e8s des services.<br \/>Le chef de l\u2019ex\u00e9cutif local, M. Brahim Ouchene, qui a pr\u00e9sid\u00e9 la c\u00e9r\u00e9monie de distribution de ces bus au profit de dix communes rurales de la wilaya, a affirm\u00e9 que le renforcement du transport scolaire dans les r\u00e9gions enclav\u00e9es constitue \u00abla pr\u00e9occupation majeure des autorit\u00e9s locales\u00bb.<br \/>Financ\u00e9e par la Caisse de solidarit\u00e9 et de garantie des collectivit\u00e9s locales, cette op\u00e9ration vise \u00e0 mettre fin au calvaire des \u00e9l\u00e8ves devant parcourir quotidiennement de longues distances \u00e0 pied, pour se rendre \u00e0 l\u2019\u00e9cole, a-t-il dit, soulignant que \u00abl\u2019utilisation de ces bus se limitera uniquement au transport scolaire\u00bb.<br \/>Le wali a par ailleurs affirm\u00e9 que l\u2019am\u00e9lioration et la g\u00e9n\u00e9ralisation du transport scolaire va in\u00e9luctablement permettre d\u2019augmenter les connaissances et les comp\u00e9tences des \u00e9l\u00e8ves, et de lutter contre la d\u00e9perdition scolaire en milieu rural, avant de mettre en avant les efforts en cours pour que l\u2019int\u00e9gralit\u00e9 des communes enclav\u00e9es parviennent, dans \u00abun proche avenir\u00bb, \u00e0 surmonter leur d\u00e9ficit dans ce domaine.<br \/>\u00a0Il est \u00e0 noter que depuis le mois de novembre jusqu\u2019\u00e0 ce jour, la wilaya de M\u2019sila, qui compte 47 communes, s\u2019est dot\u00e9e d\u2019une flotte de 39 bus de transport scolaire, selon la m\u00eame source.<\/p>\n<p>Auteur: elmoudjahid<br \/>\n<a href=\"http:\/\/www.elmoudjahid.com\/fr\/actualites\/133879\">Cliquez ici pour lire l&rsquo;article depuis sa source.<\/a><\/p>\n","protected":false},"excerpt":{"rendered":"<p>Le parc de transport scolaire de la wilaya de M\u2019sila s\u2019est renforc\u00e9, \u00e0 la faveur de l\u2019acquisition de 10 nouveaux bus, a-t-on appris aupr\u00e8s des services.Le chef de l\u2019ex\u00e9cutif local, M. Brahim Ouchene, qui a pr\u00e9sid\u00e9 la c\u00e9r\u00e9monie de distribution de ces bus au profit de dix communes rurales de la wilaya, a affirm\u00e9 que [&hellip;]<\/p>\n","protected":false},"author":1744,"featured_media":0,"comment_status":"closed","ping_status":"closed","sticky":false,"template":"","format":"standard","meta":{"fifu_image_url":"","fifu_image_alt":"","footnotes":""},"categories":[73,53],"tags":[],"class_list":["post-14906","post","type-post","status-publish","format-standard","hentry","category-actualite","category-algerie"],"_links":{"self":[{"href":"https:\/\/linitiative.ca\/International\/wp-json\/wp\/v2\/posts\/14906","targetHints":{"allow":["GET"]}}],"collection":[{"href":"https:\/\/linitiative.ca\/International\/wp-json\/wp\/v2\/posts"}],"about":[{"href":"https:\/\/linitiative.ca\/International\/wp-json\/wp\/v2\/types\/post"}],"author":[{"embeddable":true,"href":"https:\/\/linitiative.ca\/International\/wp-json\/wp\/v2\/users\/1744"}],"replies":[{"embeddable":true,"href":"https:\/\/linitiative.ca\/International\/wp-json\/wp\/v2\/comments?post=14906"}],"version-history":[{"count":0,"href":"https:\/\/linitiative.ca\/International\/wp-json\/wp\/v2\/posts\/14906\/revisions"}],"wp:attachment":[{"href":"https:\/\/linitiative.ca\/International\/wp-json\/wp\/v2\/media?parent=14906"}],"wp:term":[{"taxonomy":"category","embeddable":true,"href":"https:\/\/linitiative.ca\/International\/wp-json\/wp\/v2\/categories?post=14906"},{"taxonomy":"post_tag","embeddable":true,"href":"https:\/\/linitiative.ca\/International\/wp-json\/wp\/v2\/tags?post=14906"}],"curies":[{"name":"wp","href":"https:\/\/api.w.org\/{rel}","templated":true}]}}