{"id":149175,"date":"2022-06-02T16:43:02","date_gmt":"2022-06-02T20:43:02","guid":{"rendered":"https:\/\/linitiative.ca\/International\/ligue-des-nations-sur-quelles-chaines-regarder-france-danemark-et-belgique-pays-bas-vendredi\/"},"modified":"2022-06-02T16:43:02","modified_gmt":"2022-06-02T20:43:02","slug":"ligue-des-nations-sur-quelles-chaines-regarder-france-danemark-et-belgique-pays-bas-vendredi","status":"publish","type":"post","link":"https:\/\/linitiative.ca\/International\/ligue-des-nations-sur-quelles-chaines-regarder-france-danemark-et-belgique-pays-bas-vendredi\/","title":{"rendered":"Ligue des Nations : Sur quelles cha\u00eenes regarder France \u2013 Danemark et Belgique \u2013 Pays-Bas vendredi ?"},"content":{"rendered":"<div>\n<p>Dans le cadre de la premi\u00e8re journ\u00e9e de Ligue des Nations, la France re\u00e7oit le Danemark au Stade de France ce vendredi 3 juin \u00e0 19h45 (HT). A la m\u00eame heure, la Belgique re\u00e7oit les Pays-Bas au Stade roi Baudouin. D\u00e9couvrez dans cet article sur quelles cha\u00eenes seront diffus\u00e9es les matches de vendredi :Europe \u2013 [\u2026]<\/p>\n<p>L\u2019article <a href=\"https:\/\/sport.tunisienumerique.com\/ligue-des-nations-sur-quelles-chaines-regarder-france-danemark-et-belgique-pays-bas-vendredi\/\">Ligue des Nations : Sur quelles cha\u00eenes regarder France \u2013 Danemark et Belgique \u2013 Pays-Bas vendredi ?<\/a> est apparu en premier sur <a href=\"https:\/\/www.tunisienumerique.com\/\">Tunisie<\/a>.<\/p>\n<\/div>\n<p>Auteur: Hamza Ben Khlifa<br \/>\n<a href=\"https:\/\/sport.tunisienumerique.com\/ligue-des-nations-sur-quelles-chaines-regarder-france-danemark-et-belgique-pays-bas-vendredi\/\">Cliquez ici pour lire l&rsquo;article depuis sa source.<\/a><\/p>\n","protected":false},"excerpt":{"rendered":"<p>Dans le cadre de la premi\u00e8re journ\u00e9e de Ligue des Nations, la France re\u00e7oit le Danemark au Stade de France ce vendredi 3 juin \u00e0 19h45 (HT). A la m\u00eame heure, la Belgique re\u00e7oit les Pays-Bas au Stade roi Baudouin. D\u00e9couvrez dans cet article sur quelles cha\u00eenes seront diffus\u00e9es les matches de vendredi :Europe \u2013 [&hellip;]<\/p>\n","protected":false},"author":1789,"featured_media":0,"comment_status":"closed","ping_status":"closed","sticky":false,"template":"","format":"standard","meta":{"fifu_image_url":"","fifu_image_alt":"","footnotes":""},"categories":[73,55],"tags":[],"class_list":["post-149175","post","type-post","status-publish","format-standard","hentry","category-actualite","category-tunisie"],"_links":{"self":[{"href":"https:\/\/linitiative.ca\/International\/wp-json\/wp\/v2\/posts\/149175","targetHints":{"allow":["GET"]}}],"collection":[{"href":"https:\/\/linitiative.ca\/International\/wp-json\/wp\/v2\/posts"}],"about":[{"href":"https:\/\/linitiative.ca\/International\/wp-json\/wp\/v2\/types\/post"}],"author":[{"embeddable":true,"href":"https:\/\/linitiative.ca\/International\/wp-json\/wp\/v2\/users\/1789"}],"replies":[{"embeddable":true,"href":"https:\/\/linitiative.ca\/International\/wp-json\/wp\/v2\/comments?post=149175"}],"version-history":[{"count":0,"href":"https:\/\/linitiative.ca\/International\/wp-json\/wp\/v2\/posts\/149175\/revisions"}],"wp:attachment":[{"href":"https:\/\/linitiative.ca\/International\/wp-json\/wp\/v2\/media?parent=149175"}],"wp:term":[{"taxonomy":"category","embeddable":true,"href":"https:\/\/linitiative.ca\/International\/wp-json\/wp\/v2\/categories?post=149175"},{"taxonomy":"post_tag","embeddable":true,"href":"https:\/\/linitiative.ca\/International\/wp-json\/wp\/v2\/tags?post=149175"}],"curies":[{"name":"wp","href":"https:\/\/api.w.org\/{rel}","templated":true}]}}