{"id":149176,"date":"2022-06-02T16:51:39","date_gmt":"2022-06-02T20:51:39","guid":{"rendered":"https:\/\/linitiative.ca\/International\/la-fao-previent-que-la-crise-ukrainienne-va-favoriser-la-faim-dans-le-monde\/"},"modified":"2022-06-02T16:51:39","modified_gmt":"2022-06-02T20:51:39","slug":"la-fao-previent-que-la-crise-ukrainienne-va-favoriser-la-faim-dans-le-monde","status":"publish","type":"post","link":"https:\/\/linitiative.ca\/International\/la-fao-previent-que-la-crise-ukrainienne-va-favoriser-la-faim-dans-le-monde\/","title":{"rendered":"La FAO pr\u00e9vient que la crise ukrainienne va favoriser la faim dans le monde"},"content":{"rendered":"<div>\n<p>Le responsable de la FAO aupr\u00e8s de la Russie, a assur\u00e9 que la crise ukrainienne allait aggraver la situation de la famine dans le monde, \u00e0 cause de l\u2019augmentation des prix des c\u00e9r\u00e9ales et leur manque sur le march\u00e9. Il a pr\u00e9cis\u00e9 que ce n\u2019est pas la crise ukrainienne qui est en cause de la [\u2026]<\/p>\n<p>L\u2019article <a href=\"https:\/\/www.tunisienumerique.com\/la-fao-previent-que-la-crise-ukrainienne-va-favoriser-la-faim-dans-le-monde\/\">La FAO pr\u00e9vient que la crise ukrainienne va favoriser la faim dans le monde<\/a> est apparu en premier sur <a href=\"https:\/\/www.tunisienumerique.com\/\">Tunisie<\/a>.<\/p>\n<\/div>\n<p>Auteur: LM<br \/>\n<a href=\"https:\/\/www.tunisienumerique.com\/la-fao-previent-que-la-crise-ukrainienne-va-favoriser-la-faim-dans-le-monde\/\">Cliquez ici pour lire l&rsquo;article depuis sa source.<\/a><\/p>\n","protected":false},"excerpt":{"rendered":"<p>Le responsable de la FAO aupr\u00e8s de la Russie, a assur\u00e9 que la crise ukrainienne allait aggraver la situation de la famine dans le monde, \u00e0 cause de l\u2019augmentation des prix des c\u00e9r\u00e9ales et leur manque sur le march\u00e9. Il a pr\u00e9cis\u00e9 que ce n\u2019est pas la crise ukrainienne qui est en cause de la [&hellip;]<\/p>\n","protected":false},"author":1789,"featured_media":0,"comment_status":"closed","ping_status":"closed","sticky":false,"template":"","format":"standard","meta":{"fifu_image_url":"","fifu_image_alt":"","footnotes":""},"categories":[73,55],"tags":[],"class_list":["post-149176","post","type-post","status-publish","format-standard","hentry","category-actualite","category-tunisie"],"_links":{"self":[{"href":"https:\/\/linitiative.ca\/International\/wp-json\/wp\/v2\/posts\/149176","targetHints":{"allow":["GET"]}}],"collection":[{"href":"https:\/\/linitiative.ca\/International\/wp-json\/wp\/v2\/posts"}],"about":[{"href":"https:\/\/linitiative.ca\/International\/wp-json\/wp\/v2\/types\/post"}],"author":[{"embeddable":true,"href":"https:\/\/linitiative.ca\/International\/wp-json\/wp\/v2\/users\/1789"}],"replies":[{"embeddable":true,"href":"https:\/\/linitiative.ca\/International\/wp-json\/wp\/v2\/comments?post=149176"}],"version-history":[{"count":0,"href":"https:\/\/linitiative.ca\/International\/wp-json\/wp\/v2\/posts\/149176\/revisions"}],"wp:attachment":[{"href":"https:\/\/linitiative.ca\/International\/wp-json\/wp\/v2\/media?parent=149176"}],"wp:term":[{"taxonomy":"category","embeddable":true,"href":"https:\/\/linitiative.ca\/International\/wp-json\/wp\/v2\/categories?post=149176"},{"taxonomy":"post_tag","embeddable":true,"href":"https:\/\/linitiative.ca\/International\/wp-json\/wp\/v2\/tags?post=149176"}],"curies":[{"name":"wp","href":"https:\/\/api.w.org\/{rel}","templated":true}]}}