{"id":149193,"date":"2022-06-02T15:18:03","date_gmt":"2022-06-02T19:18:03","guid":{"rendered":"https:\/\/linitiative.ca\/International\/le-nigeria-veut-construire-un-gazoduc-vers-le-maroc\/"},"modified":"2022-06-02T15:18:03","modified_gmt":"2022-06-02T19:18:03","slug":"le-nigeria-veut-construire-un-gazoduc-vers-le-maroc","status":"publish","type":"post","link":"https:\/\/linitiative.ca\/International\/le-nigeria-veut-construire-un-gazoduc-vers-le-maroc\/","title":{"rendered":"Le Nigeria veut construire un gazoduc vers le Maroc"},"content":{"rendered":"<div>\n<p><img decoding=\"async\" width=\"255\" height=\"198\" src=\"https:\/\/linitiative.ca\/International\/wp-content\/uploads\/sites\/23\/2022\/06\/16541974848947.jpg\" class=\"attachment-post-thumbnail size-post-thumbnail wp-post-image\" alt=\"\" loading=\"lazy\"><\/p>\n<p>L&rsquo;infrastructure va traverser quinze pays d&rsquo;Afrique de l&rsquo;Ouest jusqu&rsquo;au Maroc.La Compagnie p\u00e9troli\u00e8re nationale du Nigeria (NNPC) est autoris\u00e9e \u00e0 conclure un accord avec la Communaut\u00e9 \u00e9conomique des Etats de l&rsquo;Afrique de l&rsquo;Ouest (Cedeao) pour la construction du gazoduc Nigeria-Maroc.<\/p>\n<p>Le ministre d&rsquo;\u00c9tat nig\u00e9rian des Ressources p\u00e9troli\u00e8res, le chef Timipre Sylva, a annonc\u00e9 \u00e0 la presse locale, \u00e0 l&rsquo;issue de la r\u00e9union du Conseil ex\u00e9cutif f\u00e9d\u00e9ral (FEC) mercredi \u00e0 Abuja, que le projet est encore au stade de la conception technique pr\u00e9liminaire apr\u00e8s laquelle le co\u00fbt sera d\u00e9termin\u00e9.<\/p>\n<p>Il a expliqu\u00e9 que le FEC a donn\u00e9 son accord pour que la NNPC Ltd ex\u00e9cute le protocole d&rsquo;accord avec la Cedeao pour la construction du gazoduc qui acheminera le gaz vers 15 pays d&rsquo;Afrique de l&rsquo;Ouest et vers le Maroc, puis du Maroc vers l&rsquo;Espagne.<\/p>\n<p>Les m\u00e9dias locaux ont rappel\u00e9 ce jeudi que le Roi du Maroc Mohammed VI et le pr\u00e9sident nig\u00e9rian Muhammadu Buhari ont approuv\u00e9 il y a quatre ans le m\u00e9gaprojet de transport de gaz qui doit \u00eatre construit le long de la c\u00f4te atlantique, apr\u00e8s qu&rsquo;un accord initial a \u00e9t\u00e9 sign\u00e9 en 2016.<\/p>\n<p>Cet article <a rel=\"nofollow\" href=\"https:\/\/www.journalducameroun.com\/le-nigeria-veut-construire-un-gazoduc-vers-le-maroc\/\">Le Nigeria veut construire un gazoduc vers le Maroc<\/a> est apparu en premier sur <a rel=\"nofollow\" href=\"https:\/\/www.journalducameroun.com\/\">Journal du Cameroun<\/a>.<\/p>\n<\/div>\n<p>Auteur: APA News<br \/>\n<a href=\"https:\/\/www.journalducameroun.com\/le-nigeria-veut-construire-un-gazoduc-vers-le-maroc\/\">Cliquez ici pour lire l&rsquo;article depuis sa source.<\/a><\/p>\n","protected":false},"excerpt":{"rendered":"<p>L&rsquo;infrastructure va traverser quinze pays d&rsquo;Afrique de l&rsquo;Ouest jusqu&rsquo;au Maroc.La Compagnie p\u00e9troli\u00e8re nationale du Nigeria (NNPC) est autoris\u00e9e \u00e0 conclure un accord avec la Communaut\u00e9 \u00e9conomique des Etats de l&rsquo;Afrique de l&rsquo;Ouest (Cedeao) pour la construction du gazoduc Nigeria-Maroc. Le ministre d&rsquo;\u00c9tat nig\u00e9rian des Ressources p\u00e9troli\u00e8res, le chef Timipre Sylva, a annonc\u00e9 \u00e0 la presse [&hellip;]<\/p>\n","protected":false},"author":1965,"featured_media":0,"comment_status":"closed","ping_status":"closed","sticky":false,"template":"","format":"standard","meta":{"fifu_image_url":"https:\/\/www.journalducameroun.com\/wp-content\/uploads\/2022\/06\/16541974848947.jpg","fifu_image_alt":"Le Nigeria veut construire un gazoduc vers le Maroc","footnotes":""},"categories":[73,82],"tags":[],"class_list":["post-149193","post","type-post","status-publish","format-standard","hentry","category-actualite","category-cameroun"],"_links":{"self":[{"href":"https:\/\/linitiative.ca\/International\/wp-json\/wp\/v2\/posts\/149193","targetHints":{"allow":["GET"]}}],"collection":[{"href":"https:\/\/linitiative.ca\/International\/wp-json\/wp\/v2\/posts"}],"about":[{"href":"https:\/\/linitiative.ca\/International\/wp-json\/wp\/v2\/types\/post"}],"author":[{"embeddable":true,"href":"https:\/\/linitiative.ca\/International\/wp-json\/wp\/v2\/users\/1965"}],"replies":[{"embeddable":true,"href":"https:\/\/linitiative.ca\/International\/wp-json\/wp\/v2\/comments?post=149193"}],"version-history":[{"count":0,"href":"https:\/\/linitiative.ca\/International\/wp-json\/wp\/v2\/posts\/149193\/revisions"}],"wp:attachment":[{"href":"https:\/\/linitiative.ca\/International\/wp-json\/wp\/v2\/media?parent=149193"}],"wp:term":[{"taxonomy":"category","embeddable":true,"href":"https:\/\/linitiative.ca\/International\/wp-json\/wp\/v2\/categories?post=149193"},{"taxonomy":"post_tag","embeddable":true,"href":"https:\/\/linitiative.ca\/International\/wp-json\/wp\/v2\/tags?post=149193"}],"curies":[{"name":"wp","href":"https:\/\/api.w.org\/{rel}","templated":true}]}}