{"id":149200,"date":"2022-06-03T07:12:28","date_gmt":"2022-06-03T11:12:28","guid":{"rendered":"https:\/\/linitiative.ca\/International\/sony-commercialise-trois-nouveaux-grands-objectifs\/"},"modified":"2022-06-03T07:12:28","modified_gmt":"2022-06-03T11:12:28","slug":"sony-commercialise-trois-nouveaux-grands-objectifs","status":"publish","type":"post","link":"https:\/\/linitiative.ca\/International\/sony-commercialise-trois-nouveaux-grands-objectifs\/","title":{"rendered":"Sony commercialise trois nouveaux grands objectifs"},"content":{"rendered":"<div>\n<p><img decoding=\"async\" width=\"300\" height=\"153\" src=\"https:\/\/linitiative.ca\/International\/wp-content\/uploads\/sites\/23\/2022\/06\/SONY-300x153-1.png\" class=\"attachment-medium size-medium wp-post-image\" alt=\"\" loading=\"lazy\" srcset=\"https:\/\/linitiative.ca\/International\/wp-content\/uploads\/sites\/23\/2022\/06\/SONY-300x153-1.png 300w, https:\/\/aujourdhui.ma\/wp-content\/uploads\/2022\/06\/SONY-274x140.png 274w, https:\/\/aujourdhui.ma\/wp-content\/uploads\/2022\/06\/SONY.png 746w, https:\/\/aujourdhui.ma\/wp-content\/uploads\/2022\/06\/SONY-165x84.png 165w, https:\/\/aujourdhui.ma\/wp-content\/uploads\/2022\/06\/SONY-702x358.png 702w\" sizes=\"auto, (max-width: 300px) 100vw, 300px\"><\/p>\n<p><span style=\"color: #800000;\"><strong>Sony \u00e9largit sa gamme d\u2019objectifs, en portant le nombre total d\u2019objectifs \u00e0 monture E \u00e0 70.<\/strong><\/span><span id=\"more-409754\"><\/span><\/p>\n<p>Ainsi, la marque lance un tr\u00e8s puissant zoom G E PZ 10-20mm F4 G (mod\u00e8le SELP1020G), en plus de l\u2019objectif polyvalent G E 15mm F1.4 G (mod\u00e8le SEL15F14G) et du zoom ultra-large E11mm F1.8 (mod\u00e8le SEL11F18). Le premier nouvel objectif, le E PZ 10-20mm F4 G, qui se caract\u00e9rise par sa longueur focale 10-20mm ou 15-30mm, est le plus petit et le plus l\u00e9ger des zooms motoris\u00e9s F4 APS-C au monde. L\u2019imagerie exceptionnelle de l\u2019objectif G, les performances de son autofocus (AF) et la polyvalence de son syst\u00e8me power zoom donnent acc\u00e8s \u00e0 toute une palette d\u2019expressions visuelles et \u00e0 une op\u00e9rabilit\u00e9 raffin\u00e9e et \u00e9tudi\u00e9e pour r\u00e9aliser des films, comme pour capturer des photos.<\/p>\n<p>Le E 15mm F1.4 G d\u00e9livre quant \u00e0 lui de \u00absuperbes effets bokeh F1.4 exceptionnels\u00bb, mais aussi une r\u00e9solution de premier ordre, ce qui rend cet objectif APS-C extr\u00eamement polyvalent. Enfin, objectif primaire APS-C \u00e0 ouverture ultra-large, le E 11mm F1.8 (\u00e9quivalent plein format 35 mm : 16,5 mm) donne acc\u00e8s \u00e0 une r\u00e9solution exceptionnelle, mais aussi \u00e0 de magnifiques effets bokeh et \u00e0 un AF rapide et fiable comme le souligne la marque, ce qui permet d\u2019obtenir des expressions encore plus dramatiques et des selfies encore plus \u00e9tonnants. Ces objectifs seront disponibles au Moyen-Orient et en Afrique \u00e0 partir de ce mois de juin 2022.<\/p>\n<\/div>\n<p>Auteur: ALM<br \/>\n<a href=\"https:\/\/aujourdhui.ma\/high-tech\/sony-commercialise-trois-nouveaux-grands-objectifs\">Cliquez ici pour lire l&rsquo;article depuis sa source.<\/a><\/p>\n","protected":false},"excerpt":{"rendered":"<p>Sony \u00e9largit sa gamme d\u2019objectifs, en portant le nombre total d\u2019objectifs \u00e0 monture E \u00e0 70. Ainsi, la marque lance un tr\u00e8s puissant zoom G E PZ 10-20mm F4 G (mod\u00e8le SELP1020G), en plus de l\u2019objectif polyvalent G E 15mm F1.4 G (mod\u00e8le SEL15F14G) et du zoom ultra-large E11mm F1.8 (mod\u00e8le SEL11F18). Le premier nouvel [&hellip;]<\/p>\n","protected":false},"author":1759,"featured_media":0,"comment_status":"closed","ping_status":"closed","sticky":false,"template":"","format":"standard","meta":{"fifu_image_url":"https:\/\/aujourdhui.ma\/wp-content\/uploads\/2022\/06\/SONY-300x153.png","fifu_image_alt":"Sony commercialise trois nouveaux grands objectifs","footnotes":""},"categories":[73,54],"tags":[],"class_list":["post-149200","post","type-post","status-publish","format-standard","hentry","category-actualite","category-maroc"],"_links":{"self":[{"href":"https:\/\/linitiative.ca\/International\/wp-json\/wp\/v2\/posts\/149200","targetHints":{"allow":["GET"]}}],"collection":[{"href":"https:\/\/linitiative.ca\/International\/wp-json\/wp\/v2\/posts"}],"about":[{"href":"https:\/\/linitiative.ca\/International\/wp-json\/wp\/v2\/types\/post"}],"author":[{"embeddable":true,"href":"https:\/\/linitiative.ca\/International\/wp-json\/wp\/v2\/users\/1759"}],"replies":[{"embeddable":true,"href":"https:\/\/linitiative.ca\/International\/wp-json\/wp\/v2\/comments?post=149200"}],"version-history":[{"count":0,"href":"https:\/\/linitiative.ca\/International\/wp-json\/wp\/v2\/posts\/149200\/revisions"}],"wp:attachment":[{"href":"https:\/\/linitiative.ca\/International\/wp-json\/wp\/v2\/media?parent=149200"}],"wp:term":[{"taxonomy":"category","embeddable":true,"href":"https:\/\/linitiative.ca\/International\/wp-json\/wp\/v2\/categories?post=149200"},{"taxonomy":"post_tag","embeddable":true,"href":"https:\/\/linitiative.ca\/International\/wp-json\/wp\/v2\/tags?post=149200"}],"curies":[{"name":"wp","href":"https:\/\/api.w.org\/{rel}","templated":true}]}}