{"id":149212,"date":"2022-06-03T11:30:33","date_gmt":"2022-06-03T15:30:33","guid":{"rendered":"https:\/\/linitiative.ca\/International\/chambre-des-representants-seance-pleniere-lundi-pour-lexamen-du-rapport-de-la-cour-des-comptes-de-lexercice-2019-2020\/"},"modified":"2022-06-03T11:30:33","modified_gmt":"2022-06-03T15:30:33","slug":"chambre-des-representants-seance-pleniere-lundi-pour-lexamen-du-rapport-de-la-cour-des-comptes-de-lexercice-2019-2020","status":"publish","type":"post","link":"https:\/\/linitiative.ca\/International\/chambre-des-representants-seance-pleniere-lundi-pour-lexamen-du-rapport-de-la-cour-des-comptes-de-lexercice-2019-2020\/","title":{"rendered":"Chambre des repr\u00e9sentants: S\u00e9ance pl\u00e9ni\u00e8re lundi pour l\u2019examen du rapport de la Cour des Comptes de l\u2019exercice 2019-2020"},"content":{"rendered":"<div>\n<p><img decoding=\"async\" width=\"300\" height=\"153\" src=\"https:\/\/linitiative.ca\/International\/wp-content\/uploads\/sites\/23\/2022\/06\/Chambre-des-representants-1-300x153-1.png\" class=\"attachment-medium size-medium wp-post-image\" alt=\"\" loading=\"lazy\" srcset=\"https:\/\/linitiative.ca\/International\/wp-content\/uploads\/sites\/23\/2022\/06\/Chambre-des-representants-1-300x153-1.png 300w, https:\/\/aujourdhui.ma\/wp-content\/uploads\/2022\/06\/Chambre-des-representants-1-274x140.png 274w, https:\/\/aujourdhui.ma\/wp-content\/uploads\/2022\/06\/Chambre-des-representants-1.png 746w, https:\/\/aujourdhui.ma\/wp-content\/uploads\/2022\/06\/Chambre-des-representants-1-165x84.png 165w, https:\/\/aujourdhui.ma\/wp-content\/uploads\/2022\/06\/Chambre-des-representants-1-702x358.png 702w\" sizes=\"auto, (max-width: 300px) 100vw, 300px\"><\/p>\n<p><span style=\"color: #800000;\"><strong>La Chambre des repr\u00e9sentants tiendra lundi prochain une s\u00e9ance pl\u00e9ni\u00e8re consacr\u00e9e \u00e0 l\u2019examen du rapport de la Cour des Comptes au titre de l\u2019exercice 2019-2020.<\/strong><\/span><\/p>\n<p><span id=\"more-409768\"><\/span><\/p>\n<p>Cette s\u00e9ance, qui intervient en application de l\u2019article 148 de la Constitution et conform\u00e9ment aux dispositions du r\u00e8glement int\u00e9rieur de la Chambre, notamment les articles 331 et 332, d\u00e9butera \u00e0 10h00, indique un communiqu\u00e9 de la Chambre des repr\u00e9sentants.\u00a0 Selon la m\u00eame source, cette s\u00e9ance se d\u00e9roulera dans le respect des mesures pr\u00e9ventives prises par les organes de la premi\u00e8re Chambre du parlement.<\/p>\n<\/div>\n<p>Auteur: ALM<br \/>\n<a href=\"https:\/\/aujourdhui.ma\/actualite\/chambre-des-representants-seance-pleniere-lundi-pour-lexamen-du-rapport-de-la-cour-des-comptes-de-lexercice-2019-2020\">Cliquez ici pour lire l&rsquo;article depuis sa source.<\/a><\/p>\n","protected":false},"excerpt":{"rendered":"<p>La Chambre des repr\u00e9sentants tiendra lundi prochain une s\u00e9ance pl\u00e9ni\u00e8re consacr\u00e9e \u00e0 l\u2019examen du rapport de la Cour des Comptes au titre de l\u2019exercice 2019-2020. Cette s\u00e9ance, qui intervient en application de l\u2019article 148 de la Constitution et conform\u00e9ment aux dispositions du r\u00e8glement int\u00e9rieur de la Chambre, notamment les articles 331 et 332, d\u00e9butera \u00e0 [&hellip;]<\/p>\n","protected":false},"author":1759,"featured_media":0,"comment_status":"closed","ping_status":"closed","sticky":false,"template":"","format":"standard","meta":{"fifu_image_url":"https:\/\/aujourdhui.ma\/wp-content\/uploads\/2022\/06\/Chambre-des-representants-1-300x153.png","fifu_image_alt":"Chambre des repr\u00e9sentants: S\u00e9ance pl\u00e9ni\u00e8re lundi pour l\u2019examen du rapport de la Cour des Comptes de l\u2019exercice 2019-2020","footnotes":""},"categories":[73,54],"tags":[],"class_list":["post-149212","post","type-post","status-publish","format-standard","hentry","category-actualite","category-maroc"],"_links":{"self":[{"href":"https:\/\/linitiative.ca\/International\/wp-json\/wp\/v2\/posts\/149212","targetHints":{"allow":["GET"]}}],"collection":[{"href":"https:\/\/linitiative.ca\/International\/wp-json\/wp\/v2\/posts"}],"about":[{"href":"https:\/\/linitiative.ca\/International\/wp-json\/wp\/v2\/types\/post"}],"author":[{"embeddable":true,"href":"https:\/\/linitiative.ca\/International\/wp-json\/wp\/v2\/users\/1759"}],"replies":[{"embeddable":true,"href":"https:\/\/linitiative.ca\/International\/wp-json\/wp\/v2\/comments?post=149212"}],"version-history":[{"count":0,"href":"https:\/\/linitiative.ca\/International\/wp-json\/wp\/v2\/posts\/149212\/revisions"}],"wp:attachment":[{"href":"https:\/\/linitiative.ca\/International\/wp-json\/wp\/v2\/media?parent=149212"}],"wp:term":[{"taxonomy":"category","embeddable":true,"href":"https:\/\/linitiative.ca\/International\/wp-json\/wp\/v2\/categories?post=149212"},{"taxonomy":"post_tag","embeddable":true,"href":"https:\/\/linitiative.ca\/International\/wp-json\/wp\/v2\/tags?post=149212"}],"curies":[{"name":"wp","href":"https:\/\/api.w.org\/{rel}","templated":true}]}}