{"id":149223,"date":"2022-06-03T09:06:22","date_gmt":"2022-06-03T13:06:22","guid":{"rendered":"https:\/\/linitiative.ca\/International\/gnaoua-festival-tour-cest-reparti-pour-une-nouvelle-immersion-tagnaouit\/"},"modified":"2022-06-03T09:06:22","modified_gmt":"2022-06-03T13:06:22","slug":"gnaoua-festival-tour-cest-reparti-pour-une-nouvelle-immersion-tagnaouit","status":"publish","type":"post","link":"https:\/\/linitiative.ca\/International\/gnaoua-festival-tour-cest-reparti-pour-une-nouvelle-immersion-tagnaouit\/","title":{"rendered":"Gnaoua Festival Tour, c\u2019est r(e)parti pour une nouvelle immersion tagnaouit"},"content":{"rendered":"<div>\n<div style=\"margin-bottom:20px;\"><img loading=\"lazy\" decoding=\"async\" width=\"750\" height=\"430\" src=\"https:\/\/linitiative.ca\/International\/wp-content\/uploads\/sites\/23\/2022\/06\/gnaoua-copier-1.jpg\" class=\"attachment-post-thumbnail size-post-thumbnail wp-post-image\" alt=\"\" srcset=\"https:\/\/linitiative.ca\/International\/wp-content\/uploads\/sites\/23\/2022\/06\/gnaoua-copier-1.jpg 750w, https:\/\/www.mapmarrakech.ma\/map\/uploads\/2022\/06\/gnaoua-copier-1-300x172.jpg 300w\" sizes=\"auto, (max-width: 750px) 100vw, 750px\"><\/div>\n<p>Cette caravane musicale, qui sillonnera le Maroc tout au long du mois de juin pour aller \u00e0 la rencontre de son public international \u00e0 Essaouira, \u00e0 Marrakech, \u00e0 Casablanca et \u00e0 Rabat, offrira aux aficionados de cette musique singuli\u00e8re une opportunit\u00e9 exceptionnelle pour une immersion totale aux rythmes de cette transe qui c\u00e9l\u00e8bre la grandeur d\u2019une culture et son ouverture au Monde.<\/p>\n<p>Par ce retour itin\u00e9rant sous le signe de la fusion, Mogador sera le th\u00e9\u00e2tre d\u2019un art inscrit depuis 2019 au patrimoine mondial de l\u2019UNESCO et qui, par ses chemins musicaux, cultive l\u2019\u00e2me \u00e0 la vibration spirituelle.<\/p>\n<p>C\u2019est ainsi que ce vendredi 3 juin, le Gnaoua Festival Tour s\u2019ouvrira \u00e0 17h00, avec une parade pittoresque ainsi qu\u2019une d\u00e9ambulation dans\u00e9e aux couleurs folkloriques, suivies \u00e0 partir de 20h30 dans deux lieux d\u00e9finis aux rythme du Festival gnaoui, \u00e0 savoir la place Moulay El Hassan et Dar Souiri (\u00e0 partir de 22h00).<\/p>\n<p>Onze des maa\u0302lems les plus re\u0301pute\u0301s de la belle Mogador et une pl\u00e9iade d\u2019artistes internationaux seront au rendez-vous d\u2019un public avide des sons du ganbri et du jazz, pour des prestations de fusions musicales hautes en couleurs et des concerts puis\u00e9s dans le pur re\u0301pertoire Gnaoua.<\/p>\n<p>Pays attach\u00e9 \u00e0 ses racines africaines, le Maroc, \u00e0 travers le Festival Gnaoua, continue \u00e0 ancrer sa place sur la sc\u00e8ne culturelle internationale et met l\u2019Afrique \u00e0 l\u2019honneur, avec une fusion tr\u00e8s attendue r\u00e9alis\u00e9e par l\u2019artiste Malien Vieux Farka Tour\u00e9.<\/p>\n<p>Surnomm\u00e9 le \u201cHendrix du d\u00e9sert\u201d, le cador de la collaboration musicale retrouve le public avec son Trio, le ma\u00e2lem le plus habit\u00e9 par les musiques africaines, Abdeslam Alikane, accompagn\u00e9 par le chantre de la culture amazighe, ribab d\u2019Aziz Ozouss.<\/p>\n<p>Le bassiste am\u00e9ricain de jazz\/funk, Jamaaladeen Tacuma, sera \u00e9galement de la partie, partageant la sc\u00e8ne avec le ma\u00e2lem \u00e0 la voix ensorcelante Sa\u00efd Boulhimas.<\/p>\n<p>Le jeune ma\u00e2lem Hossam Guania rel\u00e8vera aussi le d\u00e9fi de la fusion avec pas moins de six musiciens talentueux dont la chanteuse Fama Mbaye, la fl\u00fbtiste Na\u00efssam Jalal et le chanteur Haile Supreme.<\/p>\n<p>Ces deux jours d\u2019arc-en-ciel musical seront t\u00e9moins d\u2019une transe artistique avec 12 concerts qui se d\u00e9rouleront \u00e0 la Place Moulay El Hassan et \u00e0 Dar Souiri et mettront en sc\u00e8ne les ma\u00e2lems Abdelaziz et Najib Soudani, les Issaoua, Moktar Gania, Hind Ennaira, le percussionniste burkinab\u00e9 Yaya Ouattara, les ma\u00e2lems Lahcen Mhaidi, Mohamed Boumezzough, Said El Bourki, Abdellah Akharraz et Abdelmalek Kadiri.<\/p>\n<p>En attendant l\u2019organisation d\u2019une 23\u00e8me \u00e9dition, dans son format classique, et apr\u00e8s deux ans d\u2019absence due \u00e0 la pand\u00e9mie, le Festival Gnaoua et musiques du monde s\u2019est r\u00e9invent\u00e9 pour devenir, le temps d\u2019une \u00e9dition sp\u00e9ciale, le Gnaoua Festival Tour.<\/p>\n<p>The post <a rel=\"nofollow\" href=\"https:\/\/www.mapmarrakech.ma\/fr\/gnaoua-festival-tour-cest-reparti-pour-une-nouvelle-immersion-tagnaouit\/\">Gnaoua Festival Tour, c\u2019est r(e)parti pour une nouvelle immersion tagnaouit<\/a> appeared first on <a rel=\"nofollow\" href=\"https:\/\/www.mapmarrakech.ma\/fr\">MapMarrakech<\/a>.<\/p>\n<\/div>\n<p>Auteur: Meriem IGASS<br \/>\n<a href=\"https:\/\/www.mapmarrakech.ma\/fr\/gnaoua-festival-tour-cest-reparti-pour-une-nouvelle-immersion-tagnaouit\/\">Cliquez ici pour lire l&rsquo;article depuis sa source.<\/a><\/p>\n","protected":false},"excerpt":{"rendered":"<p>Cette caravane musicale, qui sillonnera le Maroc tout au long du mois de juin pour aller \u00e0 la rencontre de son public international \u00e0 Essaouira, \u00e0 Marrakech, \u00e0 Casablanca et \u00e0 Rabat, offrira aux aficionados de cette musique singuli\u00e8re une opportunit\u00e9 exceptionnelle pour une immersion totale aux rythmes de cette transe qui c\u00e9l\u00e8bre la grandeur [&hellip;]<\/p>\n","protected":false},"author":1788,"featured_media":0,"comment_status":"closed","ping_status":"closed","sticky":false,"template":"","format":"standard","meta":{"fifu_image_url":"https:\/\/www.mapmarrakech.ma\/map\/uploads\/2022\/06\/gnaoua-copier-1.jpg","fifu_image_alt":"Gnaoua Festival Tour, c\u2019est r(e)parti pour une nouvelle immersion tagnaouit","footnotes":""},"categories":[54,76],"tags":[],"class_list":["post-149223","post","type-post","status-publish","format-standard","hentry","category-maroc","category-regions"],"_links":{"self":[{"href":"https:\/\/linitiative.ca\/International\/wp-json\/wp\/v2\/posts\/149223","targetHints":{"allow":["GET"]}}],"collection":[{"href":"https:\/\/linitiative.ca\/International\/wp-json\/wp\/v2\/posts"}],"about":[{"href":"https:\/\/linitiative.ca\/International\/wp-json\/wp\/v2\/types\/post"}],"author":[{"embeddable":true,"href":"https:\/\/linitiative.ca\/International\/wp-json\/wp\/v2\/users\/1788"}],"replies":[{"embeddable":true,"href":"https:\/\/linitiative.ca\/International\/wp-json\/wp\/v2\/comments?post=149223"}],"version-history":[{"count":0,"href":"https:\/\/linitiative.ca\/International\/wp-json\/wp\/v2\/posts\/149223\/revisions"}],"wp:attachment":[{"href":"https:\/\/linitiative.ca\/International\/wp-json\/wp\/v2\/media?parent=149223"}],"wp:term":[{"taxonomy":"category","embeddable":true,"href":"https:\/\/linitiative.ca\/International\/wp-json\/wp\/v2\/categories?post=149223"},{"taxonomy":"post_tag","embeddable":true,"href":"https:\/\/linitiative.ca\/International\/wp-json\/wp\/v2\/tags?post=149223"}],"curies":[{"name":"wp","href":"https:\/\/api.w.org\/{rel}","templated":true}]}}