{"id":149225,"date":"2022-06-03T09:14:57","date_gmt":"2022-06-03T13:14:57","guid":{"rendered":"https:\/\/linitiative.ca\/International\/le-projet-de-la-cite-des-arts-et-de-la-culture-sous-les-projecteurs\/"},"modified":"2022-06-03T09:14:57","modified_gmt":"2022-06-03T13:14:57","slug":"le-projet-de-la-cite-des-arts-et-de-la-culture-sous-les-projecteurs","status":"publish","type":"post","link":"https:\/\/linitiative.ca\/International\/le-projet-de-la-cite-des-arts-et-de-la-culture-sous-les-projecteurs\/","title":{"rendered":"Le projet de la cit\u00e9 des arts et de la culture sous les projecteurs"},"content":{"rendered":"<div>\n<div style=\"margin-bottom:20px;\"><img loading=\"lazy\" decoding=\"async\" width=\"750\" height=\"430\" src=\"https:\/\/linitiative.ca\/International\/wp-content\/uploads\/sites\/23\/2022\/06\/Essaouira-tourisme-copier.jpg\" class=\"attachment-post-thumbnail size-post-thumbnail wp-post-image\" alt=\"\" srcset=\"https:\/\/linitiative.ca\/International\/wp-content\/uploads\/sites\/23\/2022\/06\/Essaouira-tourisme-copier.jpg 750w, https:\/\/www.mapmarrakech.ma\/map\/uploads\/2022\/06\/Essaouira-tourisme-copier-300x172.jpg 300w\" sizes=\"auto, (max-width: 750px) 100vw, 750px\"><\/div>\n<p>Cette rencontre s\u2019est d\u00e9roul\u00e9e en pr\u00e9sence du gouverneur de la province, Adil El Maliki, des pr\u00e9sidents des conseils provincial et communal d\u2019Essaouira, du directeur g\u00e9n\u00e9ral de la Soci\u00e9t\u00e9 de D\u00e9veloppement local (SDL)\u00a0\u00ab\u00a0Essaouira Culture Arts et Patrimoine\u00a0\u00bb,\u00a0Mhamed Lkaihal, des membres du groupement des architectes marocains et br\u00e9siliens partenaires du projet, ainsi que des membres du conseil d\u2019administration de la SDL et des chefs de services ext\u00e9rieurs concern\u00e9s.<\/p>\n<p>Elle a \u00e9t\u00e9 l\u2019occasion de faire la lumi\u00e8re sur ce projet\u00a0d\u2019envergure qui dotera la cit\u00e9 des Aliz\u00e9s d\u2019une importante structure, dont l\u2019esquisse architecturale a fait l\u2019objet d\u2019un don de l\u2019architecte br\u00e9silien de renomm\u00e9e internationale, Oscar Nimeyer, et qui viendra confirmer, si besoin est, la notori\u00e9t\u00e9 internationale d\u2019Essaouira en tant que ville culturelle par excellence.<\/p>\n<p>La rencontre a \u00e9t\u00e9 ponctu\u00e9e par la signature d\u2019une convention entre la SDL, charg\u00e9e de la r\u00e9alisation de ce projet et de la gestion de cette importante structure, et un groupement d\u2019architectes marocains et br\u00e9siliens dont fait partie le petit-fils de l\u2019architecte feu Oscar Nimeyer, portant sur la mise en \u0153uvre et l\u2019accompagnement de ce projet ambitieux.<\/p>\n<p>Dans une d\u00e9claration \u00e0 la MAP, M. Lkaihal a pr\u00e9cis\u00e9 que l\u2019enveloppe budg\u00e9taire allou\u00e9e \u00e0 la r\u00e9alisation de ce projet s\u2019\u00e9l\u00e8ve \u00e0 350 millions de DH, mobilis\u00e9e dans le cadre d\u2019un partenariat entre plusieurs minist\u00e8res et le Conseil de la R\u00e9gion Marrakech-Safi, soulignant que cette cit\u00e9 a pour objectif de f\u00e9d\u00e9rer l\u2019accueil d\u2019une s\u00e9rie d\u2019activit\u00e9s culturelles, artistiques et artisanales qui seront regroup\u00e9es dans un Complexe moderne r\u00e9pondant aux standards internationaux.<\/p>\n<p>Cette cit\u00e9, qui vient conforter la dynamique multidimensionnelle que conna\u00eet la ville, servira de m\u00e9canisme et de levier pour le d\u00e9veloppement local, a-t-il expliqu\u00e9, relevant qu\u2019un int\u00e9r\u00eat particulier sera accord\u00e9 dans le cadre de la mission de cette structure \u00e0 la formation, notamment aux nouveaux m\u00e9tiers.<\/p>\n<p>Pour sa part, le petit-fils de l\u2019architecte Oscar Nimeyer s\u2019est dit heureux de voir se r\u00e9aliser un r\u00eave de son grand-p\u00e8re, qui a gratifi\u00e9 la ville d\u2019Essaouira de l\u2019une de ses \u0153uvres architecturales, soulignant que ce projet constitue le d\u00e9but d\u2019une coop\u00e9ration fructueuse sur d\u2019autres projets dans l\u2019avenir.<\/p>\n<p>Il a, dans la foul\u00e9e, dit toute sa joie d\u2019\u00eatre au Maroc et fait part de sa disposition de revenir dans le Royaume pour contribuer au suivi de ce projet d\u2019envergure, saluant le travail effectu\u00e9 par les parties prenantes pour que ce r\u00eave devienne r\u00e9alit\u00e9.<\/p>\n<p>De son c\u00f4t\u00e9, M. Rachid Andaloussi, qui s\u2019exprimait au nom du groupement des architectes marocains et br\u00e9siliens partenaires, a mis en avant l\u2019apport de ce projet au rayonnement \u00e0 l\u2019international de la cit\u00e9 des Aliz\u00e9s qui a su faire de la culture un v\u00e9ritable levier de d\u00e9veloppement.<\/p>\n<p>Il s\u2019est \u00e9galement f\u00e9licit\u00e9 de la mise en place de la SDL, en tant que m\u00e9canisme de gouvernance d\u2019une extr\u00eame importance pour la mise en \u0153uvre et l\u2019accompagnement de ce projet et d\u2019autres, expliquant que la signature de cette convention marque un grand pas sur la voie de la construction de ce grand Complexe culturel.<\/p>\n<p>A noter que cette grande structure, qui sera construite sur une superficie de pr\u00e8s de 4 hectares, comprend notamment une Salle couverte de 1.000 places, un conservatoire musical, une sc\u00e8ne d\u00e9couverte de 30.000 places, une maison de livre, une agora r\u00e9serv\u00e9e aux arts plastiques et un atelier des artisans et du design.<\/p>\n<p>The post <a rel=\"nofollow\" href=\"https:\/\/www.mapmarrakech.ma\/fr\/le-projet-de-la-cite-des-arts-et-de-la-culture-sous-les-projecteurs\/\">Le projet de la cit\u00e9 des arts et de la culture sous les projecteurs<\/a> appeared first on <a rel=\"nofollow\" href=\"https:\/\/www.mapmarrakech.ma\/fr\">MapMarrakech<\/a>.<\/p>\n<\/div>\n<p>Auteur: Meriem IGASS<br \/>\n<a href=\"https:\/\/www.mapmarrakech.ma\/fr\/le-projet-de-la-cite-des-arts-et-de-la-culture-sous-les-projecteurs\/\">Cliquez ici pour lire l&rsquo;article depuis sa source.<\/a><\/p>\n","protected":false},"excerpt":{"rendered":"<p>Cette rencontre s\u2019est d\u00e9roul\u00e9e en pr\u00e9sence du gouverneur de la province, Adil El Maliki, des pr\u00e9sidents des conseils provincial et communal d\u2019Essaouira, du directeur g\u00e9n\u00e9ral de la Soci\u00e9t\u00e9 de D\u00e9veloppement local (SDL)\u00a0\u00ab\u00a0Essaouira Culture Arts et Patrimoine\u00a0\u00bb,\u00a0Mhamed Lkaihal, des membres du groupement des architectes marocains et br\u00e9siliens partenaires du projet, ainsi que des membres du conseil [&hellip;]<\/p>\n","protected":false},"author":1788,"featured_media":0,"comment_status":"closed","ping_status":"closed","sticky":false,"template":"","format":"standard","meta":{"fifu_image_url":"https:\/\/www.mapmarrakech.ma\/map\/uploads\/2022\/06\/Essaouira-tourisme-copier.jpg","fifu_image_alt":"Le projet de la cit\u00e9 des arts et de la culture sous les projecteurs","footnotes":""},"categories":[54,76],"tags":[],"class_list":["post-149225","post","type-post","status-publish","format-standard","hentry","category-maroc","category-regions"],"_links":{"self":[{"href":"https:\/\/linitiative.ca\/International\/wp-json\/wp\/v2\/posts\/149225","targetHints":{"allow":["GET"]}}],"collection":[{"href":"https:\/\/linitiative.ca\/International\/wp-json\/wp\/v2\/posts"}],"about":[{"href":"https:\/\/linitiative.ca\/International\/wp-json\/wp\/v2\/types\/post"}],"author":[{"embeddable":true,"href":"https:\/\/linitiative.ca\/International\/wp-json\/wp\/v2\/users\/1788"}],"replies":[{"embeddable":true,"href":"https:\/\/linitiative.ca\/International\/wp-json\/wp\/v2\/comments?post=149225"}],"version-history":[{"count":0,"href":"https:\/\/linitiative.ca\/International\/wp-json\/wp\/v2\/posts\/149225\/revisions"}],"wp:attachment":[{"href":"https:\/\/linitiative.ca\/International\/wp-json\/wp\/v2\/media?parent=149225"}],"wp:term":[{"taxonomy":"category","embeddable":true,"href":"https:\/\/linitiative.ca\/International\/wp-json\/wp\/v2\/categories?post=149225"},{"taxonomy":"post_tag","embeddable":true,"href":"https:\/\/linitiative.ca\/International\/wp-json\/wp\/v2\/tags?post=149225"}],"curies":[{"name":"wp","href":"https:\/\/api.w.org\/{rel}","templated":true}]}}