{"id":149227,"date":"2022-06-03T09:22:47","date_gmt":"2022-06-03T13:22:47","guid":{"rendered":"https:\/\/linitiative.ca\/International\/el-hafidi-preside-le-gsep-dans-une-conjoncture-energetique-exceptionnelle\/"},"modified":"2022-06-03T09:22:47","modified_gmt":"2022-06-03T13:22:47","slug":"el-hafidi-preside-le-gsep-dans-une-conjoncture-energetique-exceptionnelle","status":"publish","type":"post","link":"https:\/\/linitiative.ca\/International\/el-hafidi-preside-le-gsep-dans-une-conjoncture-energetique-exceptionnelle\/","title":{"rendered":"El Hafidi pr\u00e9side le GSEP dans une conjoncture \u00e9nerg\u00e9tique exceptionnelle"},"content":{"rendered":"<div>\n<div style=\"margin-bottom:20px;\"><img loading=\"lazy\" decoding=\"async\" width=\"750\" height=\"430\" src=\"https:\/\/linitiative.ca\/International\/wp-content\/uploads\/sites\/23\/2022\/06\/hafidi.jpg\" class=\"attachment-post-thumbnail size-post-thumbnail wp-post-image\" alt=\"\" srcset=\"https:\/\/linitiative.ca\/International\/wp-content\/uploads\/sites\/23\/2022\/06\/hafidi.jpg 750w, https:\/\/www.mapmarrakech.ma\/map\/uploads\/2022\/06\/hafidi-300x172.jpg 300w\" sizes=\"auto, (max-width: 750px) 100vw, 750px\"><\/div>\n<p>Ce grand \u00e9v\u00e9nement, organis\u00e9 par l\u2019ONEE, se tient en marge du Conseil d\u2019Administration du GSEP et pour la 1\u00e8re fois en Afrique et dans le Monde Arabe, indique l\u2019Office dans un communiqu\u00e9.<\/p>\n<p>Avec un programme riche, instructif et au c\u0153ur des int\u00e9r\u00eats du secteur, a r\u00e9uni d\u2019\u00e9minents scientifiques et chercheurs, Directeurs G\u00e9n\u00e9raux et \u00e9galement des acteurs des secteurs de l\u2019Energie, des Banques et des Transports, repr\u00e9sentant la France, l\u2019Italie, les Etats-Unis, la Chine, le Canada, l\u2019Allemagne et le Maroc.<\/p>\n<p>Dans son allocution d\u2019ouverture, M. El Hafidi a rappel\u00e9 la conjoncture \u00e9nerg\u00e9tique mondiale, marqu\u00e9e par un rench\u00e9rissement sans pr\u00e9c\u00e9dent des cours des produits \u00e9nerg\u00e9tiques et un manque de visibilit\u00e9 en termes de prix et de s\u00e9curit\u00e9 \u00e9nerg\u00e9tique, ajoutant que la Conf\u00e9rence constitue une opportunit\u00e9, \u00e0 point nomm\u00e9, pour d\u00e9battre et \u00e9changer autour des grands d\u00e9fis auxquels font face tous les pays dans un contexte g\u00e9opolitique tr\u00e8s particulier.<\/p>\n<p>M. El Hafidi a soulign\u00e9 la n\u00e9cessit\u00e9, pour tous, de poursuivre les ambitions li\u00e9es \u00e0 la s\u00e9curit\u00e9 \u00e9nerg\u00e9tique, \u00e0 la continuit\u00e9 du d\u00e9veloppement des \u00e9nergies renouvelables et au renforcement de la coop\u00e9ration \u00e9nerg\u00e9tique au niveau international.<\/p>\n<p>Il a \u00e9galement soulign\u00e9 qu\u2019au cours de l\u2019ann\u00e9e \u00e9coul\u00e9e, le GSEP a renforc\u00e9 son engagement \u00e0 promouvoir l\u2019\u00e9nergie \u00e9lectrique, l\u2019utilisation accrue et efficace d\u2019une \u00e9lectricit\u00e9 \u00e0 faible teneur en carbone dans les processus notamment industriels permettant l\u2019acc\u00e9l\u00e9ration de la r\u00e9alisation des objectifs en mati\u00e8re de climat, de d\u00e9veloppement \u00e9conomique et de progr\u00e8s social.<\/p>\n<p>Les probl\u00e9matiques d\u00e9battues par les diff\u00e9rents intervenants lors de cette rencontre ont ainsi \u00e9t\u00e9 ax\u00e9es autour du secteur \u00e9nerg\u00e9tique en Afrique et la n\u00e9cessit\u00e9 d\u2019assurer le d\u00e9veloppement des \u00e9nergies propres, de la garantie d\u2019une \u00e9lectrification juste et \u00e9quitable pour les utilisateurs finaux et du r\u00f4le des services publics. Le focus a \u00e9t\u00e9 mis sur le r\u00f4le que peut jouer l\u2019innovation technologique pour acc\u00e9l\u00e9rer la transition \u00e9nerg\u00e9tique.<\/p>\n<p>Il est \u00e0 rappeler que le GSEP, qui vient de comm\u00e9morer \u00e0 Marrakech sa 30\u00e8me ann\u00e9e d\u2019existence, est une alliance unique, dirig\u00e9e par les PDG des plus grandes compagnies d\u2019\u00e9lectricit\u00e9 du monde, dont les principales missions sont la transformation de l\u2019industrie mondiale de l\u2019\u00e9lectricit\u00e9 et la transition \u00e9nerg\u00e9tique par l\u2019int\u00e9gration des \u00e9nergies propres.<\/p>\n<p>Il a \u00e9galement pour objectifs de rassembler toutes les parties prenantes de la cha\u00eene de valeur du secteur afin de discuter des d\u00e9fis et de d\u00e9finir les facteurs favorables \u00e0 l\u2019\u00e9lectrification et apprendre de l\u2019expertise et des exp\u00e9riences de ses membres.<\/p>\n<p>The post <a rel=\"nofollow\" href=\"https:\/\/www.mapmarrakech.ma\/fr\/el-hafidi-preside-le-gsep-dans-une-conjoncture-energetique-exceptionnelle\/\">El Hafidi pr\u00e9side le GSEP dans une conjoncture \u00e9nerg\u00e9tique exceptionnelle<\/a> appeared first on <a rel=\"nofollow\" href=\"https:\/\/www.mapmarrakech.ma\/fr\">MapMarrakech<\/a>.<\/p>\n<\/div>\n<p>Auteur: Meriem IGASS<br \/>\n<a href=\"https:\/\/www.mapmarrakech.ma\/fr\/el-hafidi-preside-le-gsep-dans-une-conjoncture-energetique-exceptionnelle\/\">Cliquez ici pour lire l&rsquo;article depuis sa source.<\/a><\/p>\n","protected":false},"excerpt":{"rendered":"<p>Ce grand \u00e9v\u00e9nement, organis\u00e9 par l\u2019ONEE, se tient en marge du Conseil d\u2019Administration du GSEP et pour la 1\u00e8re fois en Afrique et dans le Monde Arabe, indique l\u2019Office dans un communiqu\u00e9. Avec un programme riche, instructif et au c\u0153ur des int\u00e9r\u00eats du secteur, a r\u00e9uni d\u2019\u00e9minents scientifiques et chercheurs, Directeurs G\u00e9n\u00e9raux et \u00e9galement des [&hellip;]<\/p>\n","protected":false},"author":1788,"featured_media":0,"comment_status":"closed","ping_status":"closed","sticky":false,"template":"","format":"standard","meta":{"fifu_image_url":"https:\/\/www.mapmarrakech.ma\/map\/uploads\/2022\/06\/hafidi.jpg","fifu_image_alt":"El Hafidi pr\u00e9side le GSEP dans une conjoncture \u00e9nerg\u00e9tique exceptionnelle","footnotes":""},"categories":[54,76],"tags":[],"class_list":["post-149227","post","type-post","status-publish","format-standard","hentry","category-maroc","category-regions"],"_links":{"self":[{"href":"https:\/\/linitiative.ca\/International\/wp-json\/wp\/v2\/posts\/149227","targetHints":{"allow":["GET"]}}],"collection":[{"href":"https:\/\/linitiative.ca\/International\/wp-json\/wp\/v2\/posts"}],"about":[{"href":"https:\/\/linitiative.ca\/International\/wp-json\/wp\/v2\/types\/post"}],"author":[{"embeddable":true,"href":"https:\/\/linitiative.ca\/International\/wp-json\/wp\/v2\/users\/1788"}],"replies":[{"embeddable":true,"href":"https:\/\/linitiative.ca\/International\/wp-json\/wp\/v2\/comments?post=149227"}],"version-history":[{"count":0,"href":"https:\/\/linitiative.ca\/International\/wp-json\/wp\/v2\/posts\/149227\/revisions"}],"wp:attachment":[{"href":"https:\/\/linitiative.ca\/International\/wp-json\/wp\/v2\/media?parent=149227"}],"wp:term":[{"taxonomy":"category","embeddable":true,"href":"https:\/\/linitiative.ca\/International\/wp-json\/wp\/v2\/categories?post=149227"},{"taxonomy":"post_tag","embeddable":true,"href":"https:\/\/linitiative.ca\/International\/wp-json\/wp\/v2\/tags?post=149227"}],"curies":[{"name":"wp","href":"https:\/\/api.w.org\/{rel}","templated":true}]}}