{"id":149233,"date":"2022-06-03T09:28:09","date_gmt":"2022-06-03T13:28:09","guid":{"rendered":"https:\/\/linitiative.ca\/International\/representants-seance-pleniere-pour-lexamen-du-rapport-de-la-cour-des-comptes\/"},"modified":"2022-06-03T09:28:09","modified_gmt":"2022-06-03T13:28:09","slug":"representants-seance-pleniere-pour-lexamen-du-rapport-de-la-cour-des-comptes","status":"publish","type":"post","link":"https:\/\/linitiative.ca\/International\/representants-seance-pleniere-pour-lexamen-du-rapport-de-la-cour-des-comptes\/","title":{"rendered":"Repr\u00e9sentants: S\u00e9ance pl\u00e9ni\u00e8re pour l&rsquo;examen du rapport de la Cour des Comptes"},"content":{"rendered":"<div>\n<div class=\"field field-name-body field-type-text-with-summary field-label-hidden\">\n<div class=\"field-items\">\n<div class=\"field-item even\" property=\"content:encoded\">\n<p class=\"rtejustify\">La Chambre des repr\u00e9sentants tiendra lundi prochain une s\u00e9ance pl\u00e9ni\u00e8re consacr\u00e9e \u00e0 l&rsquo;examen du rapport de la Cour des Comptes au titre de l&rsquo;exercice 2019-2020.<\/p>\n<p>Cette s\u00e9ance, qui intervient en application de l\u2019article 148 de la Constitution et conform\u00e9ment aux dispositions du r\u00e8glement int\u00e9rieur de la Chambre, notamment les articles 331 et 332, d\u00e9butera \u00e0 10h00, indique un communiqu\u00e9 de la Chambre des repr\u00e9sentants. Selon la m\u00eame source, cette s\u00e9ance se d\u00e9roulera dans le respect des mesures pr\u00e9ventives prises par les organes de la premi\u00e8re Chambre du parlement.<\/p>\n<\/div>\n<\/div>\n<\/div>\n<\/div>\n<p>Auteur: mbasraoui<br \/>\n<a href=\"https:\/\/www.leconomiste.com\/flash-infos\/representants-seance-pleniere-pour-l-examen-du-rapport-de-la-cour-des-comptes\">Cliquez ici pour lire l&rsquo;article depuis sa source.<\/a><\/p>\n","protected":false},"excerpt":{"rendered":"<p>La Chambre des repr\u00e9sentants tiendra lundi prochain une s\u00e9ance pl\u00e9ni\u00e8re consacr\u00e9e \u00e0 l&rsquo;examen du rapport de la Cour des Comptes au titre de l&rsquo;exercice 2019-2020. Cette s\u00e9ance, qui intervient en application de l\u2019article 148 de la Constitution et conform\u00e9ment aux dispositions du r\u00e8glement int\u00e9rieur de la Chambre, notamment les articles 331 et 332, d\u00e9butera \u00e0 [&hellip;]<\/p>\n","protected":false},"author":1763,"featured_media":0,"comment_status":"closed","ping_status":"closed","sticky":false,"template":"","format":"standard","meta":{"fifu_image_url":"","fifu_image_alt":"","footnotes":""},"categories":[78,54],"tags":[],"class_list":["post-149233","post","type-post","status-publish","format-standard","hentry","category-economie","category-maroc"],"_links":{"self":[{"href":"https:\/\/linitiative.ca\/International\/wp-json\/wp\/v2\/posts\/149233","targetHints":{"allow":["GET"]}}],"collection":[{"href":"https:\/\/linitiative.ca\/International\/wp-json\/wp\/v2\/posts"}],"about":[{"href":"https:\/\/linitiative.ca\/International\/wp-json\/wp\/v2\/types\/post"}],"author":[{"embeddable":true,"href":"https:\/\/linitiative.ca\/International\/wp-json\/wp\/v2\/users\/1763"}],"replies":[{"embeddable":true,"href":"https:\/\/linitiative.ca\/International\/wp-json\/wp\/v2\/comments?post=149233"}],"version-history":[{"count":0,"href":"https:\/\/linitiative.ca\/International\/wp-json\/wp\/v2\/posts\/149233\/revisions"}],"wp:attachment":[{"href":"https:\/\/linitiative.ca\/International\/wp-json\/wp\/v2\/media?parent=149233"}],"wp:term":[{"taxonomy":"category","embeddable":true,"href":"https:\/\/linitiative.ca\/International\/wp-json\/wp\/v2\/categories?post=149233"},{"taxonomy":"post_tag","embeddable":true,"href":"https:\/\/linitiative.ca\/International\/wp-json\/wp\/v2\/tags?post=149233"}],"curies":[{"name":"wp","href":"https:\/\/api.w.org\/{rel}","templated":true}]}}