{"id":149234,"date":"2022-06-03T10:01:33","date_gmt":"2022-06-03T14:01:33","guid":{"rendered":"https:\/\/linitiative.ca\/International\/atlantasanad-augmente-son-ca-consolide\/"},"modified":"2022-06-03T10:01:33","modified_gmt":"2022-06-03T14:01:33","slug":"atlantasanad-augmente-son-ca-consolide","status":"publish","type":"post","link":"https:\/\/linitiative.ca\/International\/atlantasanad-augmente-son-ca-consolide\/","title":{"rendered":"Atlantasanad augmente son CA consolid\u00e9"},"content":{"rendered":"<div>\n<div class=\"field field-name-body field-type-text-with-summary field-label-hidden\">\n<div class=\"field-items\">\n<div class=\"field-item even\" property=\"content:encoded\">\n<p class=\"rtejustify\">Le chiffre d\u2019affaires (CA) consolid\u00e9 d\u2019Atlantasanad Assurance a atteint plus de 2 milliards de dirhams (MMDH) au terme du premier trimestre 2022, en hausse de 2,5% par rapport \u00e0 la m\u00eame p\u00e9riode de l\u2019ann\u00e9e 2021.<\/p>\n<p class=\"rtejustify\">Le CA non-vie consolid\u00e9 s\u2019est \u00e9tabli \u00e0 1,58 MMDH, en progression de 2,2%, alors que celui de la vie a augment\u00e9 \u00e0 416 MDH, indique Atlantasanad dans un communiqu\u00e9.<\/p>\n<\/div>\n<\/div>\n<\/div>\n<\/div>\n<p>Auteur: mbasraoui<br \/>\n<a href=\"https:\/\/www.leconomiste.com\/flash-infos\/atlantasanad-augmente-son-ca-consolide\">Cliquez ici pour lire l&rsquo;article depuis sa source.<\/a><\/p>\n","protected":false},"excerpt":{"rendered":"<p>Le chiffre d\u2019affaires (CA) consolid\u00e9 d\u2019Atlantasanad Assurance a atteint plus de 2 milliards de dirhams (MMDH) au terme du premier trimestre 2022, en hausse de 2,5% par rapport \u00e0 la m\u00eame p\u00e9riode de l\u2019ann\u00e9e 2021. Le CA non-vie consolid\u00e9 s\u2019est \u00e9tabli \u00e0 1,58 MMDH, en progression de 2,2%, alors que celui de la vie a [&hellip;]<\/p>\n","protected":false},"author":1763,"featured_media":0,"comment_status":"closed","ping_status":"closed","sticky":false,"template":"","format":"standard","meta":{"fifu_image_url":"","fifu_image_alt":"","footnotes":""},"categories":[78,54],"tags":[],"class_list":["post-149234","post","type-post","status-publish","format-standard","hentry","category-economie","category-maroc"],"_links":{"self":[{"href":"https:\/\/linitiative.ca\/International\/wp-json\/wp\/v2\/posts\/149234","targetHints":{"allow":["GET"]}}],"collection":[{"href":"https:\/\/linitiative.ca\/International\/wp-json\/wp\/v2\/posts"}],"about":[{"href":"https:\/\/linitiative.ca\/International\/wp-json\/wp\/v2\/types\/post"}],"author":[{"embeddable":true,"href":"https:\/\/linitiative.ca\/International\/wp-json\/wp\/v2\/users\/1763"}],"replies":[{"embeddable":true,"href":"https:\/\/linitiative.ca\/International\/wp-json\/wp\/v2\/comments?post=149234"}],"version-history":[{"count":0,"href":"https:\/\/linitiative.ca\/International\/wp-json\/wp\/v2\/posts\/149234\/revisions"}],"wp:attachment":[{"href":"https:\/\/linitiative.ca\/International\/wp-json\/wp\/v2\/media?parent=149234"}],"wp:term":[{"taxonomy":"category","embeddable":true,"href":"https:\/\/linitiative.ca\/International\/wp-json\/wp\/v2\/categories?post=149234"},{"taxonomy":"post_tag","embeddable":true,"href":"https:\/\/linitiative.ca\/International\/wp-json\/wp\/v2\/tags?post=149234"}],"curies":[{"name":"wp","href":"https:\/\/api.w.org\/{rel}","templated":true}]}}