{"id":149237,"date":"2022-06-03T11:26:04","date_gmt":"2022-06-03T15:26:04","guid":{"rendered":"https:\/\/linitiative.ca\/International\/france-rebond-de-lepidemie-du-covid-19\/"},"modified":"2022-06-03T11:26:04","modified_gmt":"2022-06-03T15:26:04","slug":"france-rebond-de-lepidemie-du-covid-19","status":"publish","type":"post","link":"https:\/\/linitiative.ca\/International\/france-rebond-de-lepidemie-du-covid-19\/","title":{"rendered":"France: rebond de l&rsquo;\u00e9pid\u00e9mie du Covid-19"},"content":{"rendered":"<div>\n<div class=\"field field-name-body field-type-text-with-summary field-label-hidden\">\n<div class=\"field-items\">\n<div class=\"field-item even\" property=\"content:encoded\">\n<p class=\"rtejustify\">L&rsquo;\u00e9pid\u00e9mie de Covid-19 a amorc\u00e9 ces derniers jours un rebond en France avec une reprise des contaminations, alors que le pays a lev\u00e9 ces derni\u00e8res semaines la derni\u00e8re des mesures mises en place pour faire face au virus, a annonc\u00e9 vendredi l&rsquo;organisme Sant\u00e9 publique France (SPF).<\/p>\n<\/div>\n<\/div>\n<\/div>\n<\/div>\n<p>Auteur: mbasraoui<br \/>\n<a href=\"https:\/\/www.leconomiste.com\/flash-infos\/france-rebond-de-l-epidemie-du-covid-19\">Cliquez ici pour lire l&rsquo;article depuis sa source.<\/a><\/p>\n","protected":false},"excerpt":{"rendered":"<p>L&rsquo;\u00e9pid\u00e9mie de Covid-19 a amorc\u00e9 ces derniers jours un rebond en France avec une reprise des contaminations, alors que le pays a lev\u00e9 ces derni\u00e8res semaines la derni\u00e8re des mesures mises en place pour faire face au virus, a annonc\u00e9 vendredi l&rsquo;organisme Sant\u00e9 publique France (SPF). Auteur: mbasraoui Cliquez ici pour lire l&rsquo;article depuis sa [&hellip;]<\/p>\n","protected":false},"author":1763,"featured_media":0,"comment_status":"closed","ping_status":"closed","sticky":false,"template":"","format":"standard","meta":{"fifu_image_url":"","fifu_image_alt":"","footnotes":""},"categories":[78,54],"tags":[],"class_list":["post-149237","post","type-post","status-publish","format-standard","hentry","category-economie","category-maroc"],"_links":{"self":[{"href":"https:\/\/linitiative.ca\/International\/wp-json\/wp\/v2\/posts\/149237","targetHints":{"allow":["GET"]}}],"collection":[{"href":"https:\/\/linitiative.ca\/International\/wp-json\/wp\/v2\/posts"}],"about":[{"href":"https:\/\/linitiative.ca\/International\/wp-json\/wp\/v2\/types\/post"}],"author":[{"embeddable":true,"href":"https:\/\/linitiative.ca\/International\/wp-json\/wp\/v2\/users\/1763"}],"replies":[{"embeddable":true,"href":"https:\/\/linitiative.ca\/International\/wp-json\/wp\/v2\/comments?post=149237"}],"version-history":[{"count":0,"href":"https:\/\/linitiative.ca\/International\/wp-json\/wp\/v2\/posts\/149237\/revisions"}],"wp:attachment":[{"href":"https:\/\/linitiative.ca\/International\/wp-json\/wp\/v2\/media?parent=149237"}],"wp:term":[{"taxonomy":"category","embeddable":true,"href":"https:\/\/linitiative.ca\/International\/wp-json\/wp\/v2\/categories?post=149237"},{"taxonomy":"post_tag","embeddable":true,"href":"https:\/\/linitiative.ca\/International\/wp-json\/wp\/v2\/tags?post=149237"}],"curies":[{"name":"wp","href":"https:\/\/api.w.org\/{rel}","templated":true}]}}