{"id":149239,"date":"2022-06-03T05:42:00","date_gmt":"2022-06-03T09:42:00","guid":{"rendered":"https:\/\/linitiative.ca\/International\/tunisie-il-ne-manque-au-pays-noye-dans-les-ordures-que-de-feter-la-journee-de-lenvironnement\/"},"modified":"2022-06-03T05:42:00","modified_gmt":"2022-06-03T09:42:00","slug":"tunisie-il-ne-manque-au-pays-noye-dans-les-ordures-que-de-feter-la-journee-de-lenvironnement","status":"publish","type":"post","link":"https:\/\/linitiative.ca\/International\/tunisie-il-ne-manque-au-pays-noye-dans-les-ordures-que-de-feter-la-journee-de-lenvironnement\/","title":{"rendered":"Tunisie: Il ne manque au pays noy\u00e9 dans les ordures que de f\u00eater la journ\u00e9e de l\u2019environnement ?"},"content":{"rendered":"<div><img decoding=\"async\" src=\"https:\/\/linitiative.ca\/International\/wp-content\/uploads\/sites\/23\/2022\/06\/1654248841_article.jpg\" alt=\"Tunisie: Il ne manque au pays noy\u00e9 dans les ordures que de f\u00eater la journ\u00e9e de l\u2019environnement ?\" align=\"left\">Par Mohamed Ibrahim Hsairi &#8211; Le dimanche 5 juin courant, le minist\u00e8re de l\u2019Environnement f\u00eatera la Journ\u00e9e de l\u2019environnement.<br \/>\nChouette&#8230; Mais ce minist\u00e8re qui n\u2019a pas pu r\u00e9soudre le probl\u00e8me des ordures dans la deuxi\u00e8me ville et dans nombre d\u2019autres villes du pays, et peut-\u00eatre, bient\u00f4t, dans la capitale elle-m\u00eame, a-t-il le droit de c\u00e9l\u00e9brer cette journ\u00e9e ?<br \/>\nParadoxalement, il pr\u00e9tend que cette c\u00e9l\u00e9bration est l\u2019occasion de mettre en valeur les r\u00e9alisations du secteur de l\u2019environnement en Tunisie \u00e0 diff\u00e9rents niveaux, et les efforts importants d\u00e9ploy\u00e9s pour soutenir la transition environnementale et trouver des solutions aux probl\u00e8mes environnementaux &#8230;<\/p>\n<\/div>\n<p>Auteur:<br \/>\n<a href=\"https:\/\/www.leaders.com.tn\/article\/33431-tunisie-il-ne-manque-au-pays-noye-dans-les-ordures-que-de-feter-la-journee-de-l-environnement\">Cliquez ici pour lire l&rsquo;article depuis sa source.<\/a><\/p>\n","protected":false},"excerpt":{"rendered":"<p>Par Mohamed Ibrahim Hsairi &#8211; Le dimanche 5 juin courant, le minist\u00e8re de l\u2019Environnement f\u00eatera la Journ\u00e9e de l\u2019environnement. Chouette&#8230; Mais ce minist\u00e8re qui n\u2019a pas pu r\u00e9soudre le probl\u00e8me des ordures dans la deuxi\u00e8me ville et dans nombre d\u2019autres villes du pays, et peut-\u00eatre, bient\u00f4t, dans la capitale elle-m\u00eame, a-t-il le droit de c\u00e9l\u00e9brer [&hellip;]<\/p>\n","protected":false},"author":1772,"featured_media":0,"comment_status":"closed","ping_status":"closed","sticky":false,"template":"","format":"standard","meta":{"fifu_image_url":"http:\/\/www.leaders.com.tn\/uploads\/content\/thumbnails_small\/1654248841_article.jpg","fifu_image_alt":"Tunisie: Il ne manque au pays noy\u00e9 dans les ordures que de f\u00eater la journ\u00e9e de l\u2019environnement ?","footnotes":""},"categories":[73,55],"tags":[],"class_list":["post-149239","post","type-post","status-publish","format-standard","hentry","category-actualite","category-tunisie"],"_links":{"self":[{"href":"https:\/\/linitiative.ca\/International\/wp-json\/wp\/v2\/posts\/149239","targetHints":{"allow":["GET"]}}],"collection":[{"href":"https:\/\/linitiative.ca\/International\/wp-json\/wp\/v2\/posts"}],"about":[{"href":"https:\/\/linitiative.ca\/International\/wp-json\/wp\/v2\/types\/post"}],"author":[{"embeddable":true,"href":"https:\/\/linitiative.ca\/International\/wp-json\/wp\/v2\/users\/1772"}],"replies":[{"embeddable":true,"href":"https:\/\/linitiative.ca\/International\/wp-json\/wp\/v2\/comments?post=149239"}],"version-history":[{"count":0,"href":"https:\/\/linitiative.ca\/International\/wp-json\/wp\/v2\/posts\/149239\/revisions"}],"wp:attachment":[{"href":"https:\/\/linitiative.ca\/International\/wp-json\/wp\/v2\/media?parent=149239"}],"wp:term":[{"taxonomy":"category","embeddable":true,"href":"https:\/\/linitiative.ca\/International\/wp-json\/wp\/v2\/categories?post=149239"},{"taxonomy":"post_tag","embeddable":true,"href":"https:\/\/linitiative.ca\/International\/wp-json\/wp\/v2\/tags?post=149239"}],"curies":[{"name":"wp","href":"https:\/\/api.w.org\/{rel}","templated":true}]}}