{"id":149245,"date":"2022-06-03T09:00:00","date_gmt":"2022-06-03T13:00:00","guid":{"rendered":"https:\/\/linitiative.ca\/International\/farouk-bouasker-le-juge-le-maire-et-lexpert-en-elections\/"},"modified":"2022-06-03T09:00:00","modified_gmt":"2022-06-03T13:00:00","slug":"farouk-bouasker-le-juge-le-maire-et-lexpert-en-elections","status":"publish","type":"post","link":"https:\/\/linitiative.ca\/International\/farouk-bouasker-le-juge-le-maire-et-lexpert-en-elections\/","title":{"rendered":"Farouk Bouasker: Le juge, le maire et l\u2019expert en \u00e9lections"},"content":{"rendered":"<div><img decoding=\"async\" src=\"https:\/\/linitiative.ca\/International\/wp-content\/uploads\/sites\/23\/2022\/06\/1654254199_article.jpg\" alt=\"Farouk Bouasker: Le juge, le maire et l\u2019expert en \u00e9lections\" align=\"left\">Il avait manqu\u00e9 de peu de devenir diplomate de carri\u00e8re. Une semaine de d\u00e9calage a fait endosser \u00e0 Farouk Bouasker la robe de magistrat et le voil\u00e0 pr\u00e9sident de l\u2019Isie. Titulaire d\u2019une ma\u00eetrise en sciences juridiques (2002) et d\u2019un mast\u00e8re en droit des affaires (2003), obtenus \u00e0 la facult\u00e9 des Sciences juridiques, politiques et sociales de Tunis, il avait postul\u00e9 \u00e0 deux grands concours tr\u00e8s pris\u00e9s. Le premier, celui ouvert pour le recrutement de secr\u00e9taires des Affaires \u00e9trang\u00e8res, avec deux ann\u00e9es d\u2019\u00e9tudes \u00e0 l\u2019Institut diplomatique, et le second, celui de l\u2019Institut sup\u00e9rieur de la magistrature (ISM). Malgr\u00e9 une rude concurrence pour un nombre de places &#8230;<\/p>\n<\/div>\n<p>Auteur:<br \/>\n<a href=\"https:\/\/www.leaders.com.tn\/article\/33432-farouk-bouasker-le-juge-le-maire-et-l-expert-en-elections\">Cliquez ici pour lire l&rsquo;article depuis sa source.<\/a><\/p>\n","protected":false},"excerpt":{"rendered":"<p>Il avait manqu\u00e9 de peu de devenir diplomate de carri\u00e8re. Une semaine de d\u00e9calage a fait endosser \u00e0 Farouk Bouasker la robe de magistrat et le voil\u00e0 pr\u00e9sident de l\u2019Isie. Titulaire d\u2019une ma\u00eetrise en sciences juridiques (2002) et d\u2019un mast\u00e8re en droit des affaires (2003), obtenus \u00e0 la facult\u00e9 des Sciences juridiques, politiques et sociales [&hellip;]<\/p>\n","protected":false},"author":1772,"featured_media":0,"comment_status":"closed","ping_status":"closed","sticky":false,"template":"","format":"standard","meta":{"fifu_image_url":"http:\/\/www.leaders.com.tn\/uploads\/content\/thumbnails_small\/1654254199_article.jpg","fifu_image_alt":"Farouk Bouasker: Le juge, le maire et l\u2019expert en \u00e9lections","footnotes":""},"categories":[73,55],"tags":[],"class_list":["post-149245","post","type-post","status-publish","format-standard","hentry","category-actualite","category-tunisie"],"_links":{"self":[{"href":"https:\/\/linitiative.ca\/International\/wp-json\/wp\/v2\/posts\/149245","targetHints":{"allow":["GET"]}}],"collection":[{"href":"https:\/\/linitiative.ca\/International\/wp-json\/wp\/v2\/posts"}],"about":[{"href":"https:\/\/linitiative.ca\/International\/wp-json\/wp\/v2\/types\/post"}],"author":[{"embeddable":true,"href":"https:\/\/linitiative.ca\/International\/wp-json\/wp\/v2\/users\/1772"}],"replies":[{"embeddable":true,"href":"https:\/\/linitiative.ca\/International\/wp-json\/wp\/v2\/comments?post=149245"}],"version-history":[{"count":0,"href":"https:\/\/linitiative.ca\/International\/wp-json\/wp\/v2\/posts\/149245\/revisions"}],"wp:attachment":[{"href":"https:\/\/linitiative.ca\/International\/wp-json\/wp\/v2\/media?parent=149245"}],"wp:term":[{"taxonomy":"category","embeddable":true,"href":"https:\/\/linitiative.ca\/International\/wp-json\/wp\/v2\/categories?post=149245"},{"taxonomy":"post_tag","embeddable":true,"href":"https:\/\/linitiative.ca\/International\/wp-json\/wp\/v2\/tags?post=149245"}],"curies":[{"name":"wp","href":"https:\/\/api.w.org\/{rel}","templated":true}]}}