{"id":149247,"date":"2022-06-03T11:09:00","date_gmt":"2022-06-03T15:09:00","guid":{"rendered":"https:\/\/linitiative.ca\/International\/la-bte-ouvre-sa-31eme-agence-a-la-place-pasteur\/"},"modified":"2022-06-03T11:09:00","modified_gmt":"2022-06-03T15:09:00","slug":"la-bte-ouvre-sa-31eme-agence-a-la-place-pasteur","status":"publish","type":"post","link":"https:\/\/linitiative.ca\/International\/la-bte-ouvre-sa-31eme-agence-a-la-place-pasteur\/","title":{"rendered":"La BTE ouvre sa 31\u00e8me agence, \u00e0 la Place Pasteur"},"content":{"rendered":"<div><img decoding=\"async\" src=\"https:\/\/linitiative.ca\/International\/wp-content\/uploads\/sites\/23\/2022\/06\/1654266193_article.jpg\" alt=\"La BTE ouvre sa 31\u00e8me agence, \u00e0 la Place Pasteur \" align=\"left\">En emm\u00e9nagement dans son nouveau si\u00e8ge au Centre Urbain Nord, et y installant son agence centrale, la Banque de Tunisie et des \u00c9mirats (BTE) ne quitte pas pour autant la Place Pasteur. Elle y ouvre en effet sa 31\u00e8me agence, sise au 5 bis rue Mohamed Badra, continuant ainsi l\u2019expansion de son r\u00e9seau.<br \/>\nLa nouvelle agence BTE, Place Pasteur a \u00e9t\u00e9 inaugur\u00e9e jeudi 2 juin 2022, en pr\u00e9sence du Directeur G\u00e9n\u00e9ral de la BTE M. Jalel Azouz. Compl\u00e8tement r\u00e9am\u00e9nag\u00e9e, elle offre un cadre exceptionnel pour accueillir sa large client\u00e8le dans cette zone \u00e0 forte fr\u00e9quentation et leur offrir une large panoplie des produits et services bancaires de qualit\u00e9.\u00a0<br \/>\n\u00ab C\u2019est avec une grande &#8230;<\/p>\n<\/div>\n<p>Auteur:<br \/>\n<a href=\"https:\/\/www.leaders.com.tn\/article\/33436-la-bte-ouvre-sa-31eme-agence-a-la-place-pasteur\">Cliquez ici pour lire l&rsquo;article depuis sa source.<\/a><\/p>\n","protected":false},"excerpt":{"rendered":"<p>En emm\u00e9nagement dans son nouveau si\u00e8ge au Centre Urbain Nord, et y installant son agence centrale, la Banque de Tunisie et des \u00c9mirats (BTE) ne quitte pas pour autant la Place Pasteur. Elle y ouvre en effet sa 31\u00e8me agence, sise au 5 bis rue Mohamed Badra, continuant ainsi l\u2019expansion de son r\u00e9seau. La nouvelle [&hellip;]<\/p>\n","protected":false},"author":1772,"featured_media":0,"comment_status":"closed","ping_status":"closed","sticky":false,"template":"","format":"standard","meta":{"fifu_image_url":"http:\/\/www.leaders.com.tn\/uploads\/content\/thumbnails_small\/1654266193_article.jpg","fifu_image_alt":"La BTE ouvre sa 31\u00e8me agence, \u00e0 la Place Pasteur","footnotes":""},"categories":[73,55],"tags":[],"class_list":["post-149247","post","type-post","status-publish","format-standard","hentry","category-actualite","category-tunisie"],"_links":{"self":[{"href":"https:\/\/linitiative.ca\/International\/wp-json\/wp\/v2\/posts\/149247","targetHints":{"allow":["GET"]}}],"collection":[{"href":"https:\/\/linitiative.ca\/International\/wp-json\/wp\/v2\/posts"}],"about":[{"href":"https:\/\/linitiative.ca\/International\/wp-json\/wp\/v2\/types\/post"}],"author":[{"embeddable":true,"href":"https:\/\/linitiative.ca\/International\/wp-json\/wp\/v2\/users\/1772"}],"replies":[{"embeddable":true,"href":"https:\/\/linitiative.ca\/International\/wp-json\/wp\/v2\/comments?post=149247"}],"version-history":[{"count":0,"href":"https:\/\/linitiative.ca\/International\/wp-json\/wp\/v2\/posts\/149247\/revisions"}],"wp:attachment":[{"href":"https:\/\/linitiative.ca\/International\/wp-json\/wp\/v2\/media?parent=149247"}],"wp:term":[{"taxonomy":"category","embeddable":true,"href":"https:\/\/linitiative.ca\/International\/wp-json\/wp\/v2\/categories?post=149247"},{"taxonomy":"post_tag","embeddable":true,"href":"https:\/\/linitiative.ca\/International\/wp-json\/wp\/v2\/tags?post=149247"}],"curies":[{"name":"wp","href":"https:\/\/api.w.org\/{rel}","templated":true}]}}