{"id":149253,"date":"2022-06-03T09:34:49","date_gmt":"2022-06-03T13:34:49","guid":{"rendered":"https:\/\/linitiative.ca\/International\/le-gouvernement-reagit-au-sujet-de-la-hausse-des-prix-des-manuels-scolaires\/"},"modified":"2022-06-03T09:34:49","modified_gmt":"2022-06-03T13:34:49","slug":"le-gouvernement-reagit-au-sujet-de-la-hausse-des-prix-des-manuels-scolaires","status":"publish","type":"post","link":"https:\/\/linitiative.ca\/International\/le-gouvernement-reagit-au-sujet-de-la-hausse-des-prix-des-manuels-scolaires\/","title":{"rendered":"Le gouvernement r\u00e9agit au sujet de la hausse des prix des manuels scolaires"},"content":{"rendered":"<div><img decoding=\"async\" width=\"730\" height=\"410\" src=\"https:\/\/linitiative.ca\/International\/wp-content\/uploads\/sites\/23\/2022\/06\/manuels-scolaires-e1568384188198-730x410-1.jpg\" class=\"attachment-post-thumbnail size-post-thumbnail wp-post-image\" alt=\"\" loading=\"lazy\" srcset=\"https:\/\/linitiative.ca\/International\/wp-content\/uploads\/sites\/23\/2022\/06\/manuels-scolaires-e1568384188198-730x410-1.jpg 730w, https:\/\/www.challenge.ma\/wp-content\/uploads\/2019\/09\/manuels-scolaires-e1568384188198-730x410-300x168.jpg 300w, https:\/\/www.challenge.ma\/wp-content\/uploads\/2019\/09\/manuels-scolaires-e1568384188198-730x410-360x202.jpg 360w\" sizes=\"auto, (max-width: 730px) 100vw, 730px\" itemprop=\"image\">Le gouvernement \u00e9tudie une requ\u00eate des \u00e9diteurs au sujet de la r\u00e9vision des prix des manuels scolaires, a affirm\u00e9 le ministre d\u00e9l\u00e9gu\u00e9 charg\u00e9 des Relations avec le Parlement, porte-parole du gouvernement, Mustapha Baitas. L\u2019Ex\u00e9cutif a effectivement re\u00e7u une requ\u00eate des \u00e9diteurs qui demandent une hausse des prix des manuels scolaires,<\/div>\n<p>Auteur: Mehdi Ouazzani<br \/>\n<a href=\"https:\/\/www.challenge.ma\/le-gouvernement-reagit-au-sujet-de-la-hausse-des-prix-des-manuels-scolaires-239914\/\">Cliquez ici pour lire l&rsquo;article depuis sa source.<\/a><\/p>\n","protected":false},"excerpt":{"rendered":"<p>Le gouvernement \u00e9tudie une requ\u00eate des \u00e9diteurs au sujet de la r\u00e9vision des prix des manuels scolaires, a affirm\u00e9 le ministre d\u00e9l\u00e9gu\u00e9 charg\u00e9 des Relations avec le Parlement, porte-parole du gouvernement, Mustapha Baitas. L\u2019Ex\u00e9cutif a effectivement re\u00e7u une requ\u00eate des \u00e9diteurs qui demandent une hausse des prix des manuels scolaires, Auteur: Mehdi Ouazzani Cliquez ici [&hellip;]<\/p>\n","protected":false},"author":1787,"featured_media":0,"comment_status":"closed","ping_status":"closed","sticky":false,"template":"","format":"standard","meta":{"fifu_image_url":"https:\/\/www.challenge.ma\/wp-content\/uploads\/2019\/09\/manuels-scolaires-e1568384188198-730x410.jpg","fifu_image_alt":"Le gouvernement r\u00e9agit au sujet de la hausse des prix des manuels scolaires","footnotes":""},"categories":[78,54],"tags":[],"class_list":["post-149253","post","type-post","status-publish","format-standard","hentry","category-economie","category-maroc"],"_links":{"self":[{"href":"https:\/\/linitiative.ca\/International\/wp-json\/wp\/v2\/posts\/149253","targetHints":{"allow":["GET"]}}],"collection":[{"href":"https:\/\/linitiative.ca\/International\/wp-json\/wp\/v2\/posts"}],"about":[{"href":"https:\/\/linitiative.ca\/International\/wp-json\/wp\/v2\/types\/post"}],"author":[{"embeddable":true,"href":"https:\/\/linitiative.ca\/International\/wp-json\/wp\/v2\/users\/1787"}],"replies":[{"embeddable":true,"href":"https:\/\/linitiative.ca\/International\/wp-json\/wp\/v2\/comments?post=149253"}],"version-history":[{"count":0,"href":"https:\/\/linitiative.ca\/International\/wp-json\/wp\/v2\/posts\/149253\/revisions"}],"wp:attachment":[{"href":"https:\/\/linitiative.ca\/International\/wp-json\/wp\/v2\/media?parent=149253"}],"wp:term":[{"taxonomy":"category","embeddable":true,"href":"https:\/\/linitiative.ca\/International\/wp-json\/wp\/v2\/categories?post=149253"},{"taxonomy":"post_tag","embeddable":true,"href":"https:\/\/linitiative.ca\/International\/wp-json\/wp\/v2\/tags?post=149253"}],"curies":[{"name":"wp","href":"https:\/\/api.w.org\/{rel}","templated":true}]}}