{"id":149269,"date":"2022-06-03T11:52:08","date_gmt":"2022-06-03T15:52:08","guid":{"rendered":"https:\/\/linitiative.ca\/International\/bollore-transport-et-logistics-les-filiales-ivoirienne-et-burkinabe-remercient-leurs-partenaires\/"},"modified":"2022-06-03T11:52:08","modified_gmt":"2022-06-03T15:52:08","slug":"bollore-transport-et-logistics-les-filiales-ivoirienne-et-burkinabe-remercient-leurs-partenaires","status":"publish","type":"post","link":"https:\/\/linitiative.ca\/International\/bollore-transport-et-logistics-les-filiales-ivoirienne-et-burkinabe-remercient-leurs-partenaires\/","title":{"rendered":"Bollor\u00e9 Transport et Logistics\u00a0: les filiales ivoirienne et burkinab\u00e8 remercient leurs partenaires"},"content":{"rendered":"<div>\n<p><strong>Faisant \u00e9chos au th\u00e8me de la premi\u00e8re \u00e9dition de la rencontre des patrons burkinab\u00e8 (REPAB) \u00ab le Patronat face aux d\u00e9fis du d\u00e9veloppement \u00e9conomique et social du Burkina Faso \u00bb, qui s\u2019est tenue du 2 au 3 juin 2022 \u00e0 Ouagadougou, le groupe Bollor\u00e9 Transport et Logistics, \u00e0 travers ses filiales ivoirienne et burkinab\u00e8, est all\u00e9 \u00e0 la rencontre des op\u00e9rateurs \u00e9conomiques du Burkina Faso.<\/strong><\/p>\n<p>Les filiales SITARAIL, Bollor\u00e9 Transport et Logistics Burkina Faso, ABIDJAN TERMINAL et Bollor\u00e9 Transport et Logistics C\u00f4te d\u2019Ivoire ont offert un cocktail en l\u2019honneur de leurs clients au Burkina Faso le 2 juin 2022 en marge des travaux de la REPAB.<\/p>\n<figure id=\"attachment_50332\" aria-describedby=\"caption-attachment-50332\" style=\"width: 696px\" class=\"wp-caption aligncenter\"><img decoding=\"async\" data-attachment-id=\"50332\" data-permalink=\"https:\/\/www.sidwaya.info\/blog\/2022\/06\/03\/bollore-transport-et-logistics-les-filiales-ivoirienne-et-burkinabe-remercient-leurs-partenaires\/2-776\/\" data-orig-file=\"https:\/\/www.sidwaya.info\/wp-content\/uploads\/2022\/06\/2-5-scaled-e1654271223721.jpg\" data-orig-size=\"900,600\" data-comments-opened=\"1\" data-image-meta='{\"aperture\":\"4.5\",\"credit\":\"\",\"camera\":\"NIKON D7200\",\"caption\":\"\",\"created_timestamp\":\"1654198599\",\"copyright\":\"\",\"focal_length\":\"26\",\"iso\":\"1000\",\"shutter_speed\":\"0.016666666666667\",\"title\":\"\",\"orientation\":\"1\"}' data-image-title=\"\" data-image-description=\"\" data-image-caption=\"&lt;p&gt;La c\u00e9r\u00e9monie a servi de cadre de rencontre physique entre la bo\u00eete et ses clients&lt;\/p&gt;\n\" data-medium-file=\"https:\/\/www.sidwaya.info\/wp-content\/uploads\/2022\/06\/2-5-scaled-e1654271223721-300x200.jpg\" data-large-file=\"https:\/\/linitiative.ca\/International\/wp-content\/uploads\/sites\/23\/2022\/06\/2-5-1024x683-1.jpg\" loading=\"lazy\" class=\"size-large wp-image-50332\" src=\"https:\/\/linitiative.ca\/International\/wp-content\/uploads\/sites\/23\/2022\/06\/2-5-1024x683-1.jpg\" alt=\"\" width=\"696\" height=\"464\"><figcaption id=\"caption-attachment-50332\" class=\"wp-caption-text\"><strong>La c\u00e9r\u00e9monie a servi de cadre de rencontre physique entre la bo\u00eete et ses clients<\/strong><\/figcaption><\/figure>\n<p>Ce fut l\u2019occasion pour les diff\u00e9rents partenaires d\u2019affaires du groupe, de se retrouver physiquement dans un cadre convivial pour \u00e9changer autour de pr\u00e9occupations communes.<\/p>\n<p>Aux clients qui ont r\u00e9pondu \u00e0 l\u2019invitation, le groupe a donc pr\u00e9sent\u00e9 sa gamme compl\u00e8te d\u2019expertise \u00e0 haute valeur ajout\u00e9e et renouvel\u00e9 ses dispositions \u00e0 les accompagner dans leur d\u00e9veloppement \u00e0 l\u2019international et \u00e0 leur fournir des solutions pragmatiques et de pointe en vue de leur d\u00e9veloppement durable.<\/p>\n<p>Dans un communiqu\u00e9 de presse publi\u00e9 dans le cadre de la REPAB, le groupe Bollor\u00e9 a rassur\u00e9 ses partenaires sur son engagement \u00e0 les satisfaire durablement, \u00e0 travers de nombreux investissements dans les innovations.<\/p>\n<blockquote class=\"td_pull_quote td_pull_center\">\n<blockquote class=\"td_quote_box td_box_center\">\n<p style=\"text-align: left\"><span style=\"color: #0000ff\">Nous participons \u00e9galement \u00e0 la cr\u00e9ation d\u2019emplois et de richesses pour le d\u00e9veloppement socio\u00e9conomique de nos pays, a d\u00e9clar\u00e9 le directeur g\u00e9n\u00e9ral pays de Bollor\u00e9 Transport et Logistics Burkina Faso, Seydou Diakit\u00e9 et relay\u00e9 dans le communiqu\u00e9 de presse.<\/span><\/p>\n<\/blockquote>\n<\/blockquote>\n<p>En termes d\u2019innovations, Bollor\u00e9 Transport et Logistics a pr\u00e9sent\u00e9 ses projets \u00ab\u00a0d\u2019envergure\u00a0\u00bb tels que la construction du second terminal \u00e0 conteneurs du port d\u2019Abidjan, la construction de hub logistique dans la zone a\u00e9roportuaire d\u2019Abidjan, le renforcement et la modernisation des \u00e9quipements de maintenance ferroviaires, ainsi que le d\u00e9veloppement de projets de ports secs au Burkina Faso.<\/p>\n<p>\u00a0<\/p>\n<p>Des \u00ab\u00a0investissements importants\u00a0\u00bb \u00e0 fort impact \u00e9conomique et social gr\u00e2ce auxquels l\u2019entreprise d\u00e9clare contribuer au renforcement du corridor Abidjan-Ouagadougou.<\/p>\n<figure id=\"attachment_50333\" aria-describedby=\"caption-attachment-50333\" style=\"width: 696px\" class=\"wp-caption alignnone\"><img decoding=\"async\" data-attachment-id=\"50333\" data-permalink=\"https:\/\/www.sidwaya.info\/blog\/2022\/06\/03\/bollore-transport-et-logistics-les-filiales-ivoirienne-et-burkinabe-remercient-leurs-partenaires\/3-334\/\" data-orig-file=\"https:\/\/www.sidwaya.info\/wp-content\/uploads\/2022\/06\/3-3-scaled-e1654271238654.jpg\" data-orig-size=\"900,600\" data-comments-opened=\"1\" data-image-meta='{\"aperture\":\"5.6\",\"credit\":\"\",\"camera\":\"NIKON D7200\",\"caption\":\"\",\"created_timestamp\":\"1654198560\",\"copyright\":\"\",\"focal_length\":\"105\",\"iso\":\"900\",\"shutter_speed\":\"0.016666666666667\",\"title\":\"\",\"orientation\":\"1\"}' data-image-title=\"\" data-image-description=\"\" data-image-caption=\"&lt;p&gt;le directeur g\u00e9n\u00e9ral adjoint de Bollor\u00e9 Transport &amp;amp; Logistics Burkina Faso, Arnaud Bouhier : \u00a0\u00bb La situation mondiale logistique est compliqu\u00e9e. Mais on reste \u00e0 l\u2019\u00e9coute de nos clients\u00a0\u00bb&lt;\/p&gt;\n\" data-medium-file=\"https:\/\/www.sidwaya.info\/wp-content\/uploads\/2022\/06\/3-3-scaled-e1654271238654-300x200.jpg\" data-large-file=\"https:\/\/linitiative.ca\/International\/wp-content\/uploads\/sites\/23\/2022\/06\/3-3-1024x683-1.jpg\" loading=\"lazy\" class=\"size-large wp-image-50333\" src=\"https:\/\/linitiative.ca\/International\/wp-content\/uploads\/sites\/23\/2022\/06\/3-3-1024x683-1.jpg\" alt=\"\" width=\"696\" height=\"464\"><figcaption id=\"caption-attachment-50333\" class=\"wp-caption-text\"><strong>Le directeur g\u00e9n\u00e9ral adjoint de Bollor\u00e9 Transport &amp; Logistics Burkina Faso, Arnaud Bouhier : \u00a0\u00bb La situation mondiale logistique est compliqu\u00e9e. Mais on reste \u00e0 l\u2019\u00e9coute de nos clients\u00a0\u00bb<\/strong><\/figcaption><\/figure>\n<blockquote class=\"td_pull_quote td_pull_center\">\n<p><span style=\"color: #0000ff\">C\u2019est un peu une promotion de ce qu\u2019on fait sur le corridor [Abidjan-Ouagadougou] (\u2026) Je sais que la situation mondiale logistique est compliqu\u00e9e. Mais on reste \u00e0 l\u2019\u00e9coute de nos clients. J\u2019esp\u00e8re que vous allez comprendre [notre] engagement, a d\u00e9clar\u00e9 le directeur g\u00e9n\u00e9ral adjoint de Bollor\u00e9 Transport &amp; Logistics Burkina Faso, Arnaud Bouhier.<\/span><\/p>\n<\/blockquote>\n<p>Le groupe Bollor\u00e9 se pr\u00e9sente comme le leader africain de la logistique multimodale et acteur majeur du transport international et de la cha\u00eene logistique implant\u00e9 sur les principaux centres portuaires et a\u00e9roportuaires mondiaux avec 35 000 collaborateurs dans 109 pays.<\/p>\n<p style=\"text-align: right\"><strong>Sidwaya.info<\/strong><\/p>\n<\/div>\n<p>Auteur: Wamini SIDWAYA<br \/>\n<a href=\"https:\/\/www.sidwaya.info\/blog\/2022\/06\/03\/bollore-transport-et-logistics-les-filiales-ivoirienne-et-burkinabe-remercient-leurs-partenaires\/\">Cliquez ici pour lire l&rsquo;article depuis sa source.<\/a><\/p>\n","protected":false},"excerpt":{"rendered":"<p>Faisant \u00e9chos au th\u00e8me de la premi\u00e8re \u00e9dition de la rencontre des patrons burkinab\u00e8 (REPAB) \u00ab le Patronat face aux d\u00e9fis du d\u00e9veloppement \u00e9conomique et social du Burkina Faso \u00bb, qui s\u2019est tenue du 2 au 3 juin 2022 \u00e0 Ouagadougou, le groupe Bollor\u00e9 Transport et Logistics, \u00e0 travers ses filiales ivoirienne et burkinab\u00e8, est [&hellip;]<\/p>\n","protected":false},"author":1816,"featured_media":0,"comment_status":"closed","ping_status":"closed","sticky":false,"template":"","format":"standard","meta":{"fifu_image_url":"https:\/\/www.sidwaya.info\/wp-content\/uploads\/2022\/06\/2-5-1024x683.jpg","fifu_image_alt":"Bollor\u00e9 Transport et Logistics\u00a0: les filiales ivoirienne et burkinab\u00e8 remercient leurs partenaires","footnotes":""},"categories":[73,81],"tags":[],"class_list":["post-149269","post","type-post","status-publish","format-standard","hentry","category-actualite","category-burkina-faso"],"_links":{"self":[{"href":"https:\/\/linitiative.ca\/International\/wp-json\/wp\/v2\/posts\/149269","targetHints":{"allow":["GET"]}}],"collection":[{"href":"https:\/\/linitiative.ca\/International\/wp-json\/wp\/v2\/posts"}],"about":[{"href":"https:\/\/linitiative.ca\/International\/wp-json\/wp\/v2\/types\/post"}],"author":[{"embeddable":true,"href":"https:\/\/linitiative.ca\/International\/wp-json\/wp\/v2\/users\/1816"}],"replies":[{"embeddable":true,"href":"https:\/\/linitiative.ca\/International\/wp-json\/wp\/v2\/comments?post=149269"}],"version-history":[{"count":0,"href":"https:\/\/linitiative.ca\/International\/wp-json\/wp\/v2\/posts\/149269\/revisions"}],"wp:attachment":[{"href":"https:\/\/linitiative.ca\/International\/wp-json\/wp\/v2\/media?parent=149269"}],"wp:term":[{"taxonomy":"category","embeddable":true,"href":"https:\/\/linitiative.ca\/International\/wp-json\/wp\/v2\/categories?post=149269"},{"taxonomy":"post_tag","embeddable":true,"href":"https:\/\/linitiative.ca\/International\/wp-json\/wp\/v2\/tags?post=149269"}],"curies":[{"name":"wp","href":"https:\/\/api.w.org\/{rel}","templated":true}]}}