{"id":149277,"date":"2022-06-03T12:18:03","date_gmt":"2022-06-03T16:18:03","guid":{"rendered":"https:\/\/linitiative.ca\/International\/conflit-ukrainien-vladimir-poutine-sengage-aupres-de-macky-sall\/"},"modified":"2022-06-03T12:18:03","modified_gmt":"2022-06-03T16:18:03","slug":"conflit-ukrainien-vladimir-poutine-sengage-aupres-de-macky-sall","status":"publish","type":"post","link":"https:\/\/linitiative.ca\/International\/conflit-ukrainien-vladimir-poutine-sengage-aupres-de-macky-sall\/","title":{"rendered":"Conflit ukrainien : Vladimir Poutine s\u2019engage aupr\u00e8s de Macky Sall"},"content":{"rendered":"<div>\n<p><img decoding=\"async\" width=\"1024\" height=\"768\" src=\"https:\/\/linitiative.ca\/International\/wp-content\/uploads\/sites\/23\/2022\/06\/16542730833692.jpg\" class=\"attachment-post-thumbnail size-post-thumbnail wp-post-image\" alt=\"\" loading=\"lazy\" srcset=\"https:\/\/linitiative.ca\/International\/wp-content\/uploads\/sites\/23\/2022\/06\/16542730833692.jpg 1024w, https:\/\/www.journalducameroun.com\/wp-content\/uploads\/2022\/06\/16542730833692-300x225.jpg 300w, https:\/\/www.journalducameroun.com\/wp-content\/uploads\/2022\/06\/16542730833692-768x576.jpg 768w, https:\/\/www.journalducameroun.com\/wp-content\/uploads\/2022\/06\/16542730833692-587x440.jpg 587w, https:\/\/www.journalducameroun.com\/wp-content\/uploads\/2022\/06\/16542730833692-600x450.jpg 600w\" sizes=\"auto, (max-width: 1024px) 100vw, 1024px\"><\/p>\n<p>Le chef de l&rsquo;Etat russe a promis au pr\u00e9sident en exercice de l&rsquo;Union Africaine (UA) de lever les restrictions sur l&rsquo;exportation des c\u00e9r\u00e9ales de son pays et de l&rsquo;Ukraine.Ce vendredi 3 juin, au 100e jour de la guerre entre la Russie et l&rsquo;Ukraine, Macky Sall et Moussa Faki Mahamat, pr\u00e9sident de la Commission de l&rsquo;Union Africaine (UA), ont discut\u00e9 avec Vladimir Poutine \u00e0 Sotchi.<\/p>\n<p>Le pr\u00e9sident en exercice de l&rsquo;UA s&rsquo;est f\u00e9licit\u00e9 de l&rsquo; \u00ab entretien convivial\u00a0\u00bb, dans cette ville de la mer Noire, ayant d\u00e9bouch\u00e9 sur des annonces majeures : \u00ab Le pr\u00e9sident Poutine nous a exprim\u00e9 sa disponibilit\u00e9 \u00e0 faciliter l&rsquo;exportation des c\u00e9r\u00e9ales ukrainiennes. La Russie est pr\u00eate \u00e0 assurer l&rsquo;exportation de son bl\u00e9 et de son engrais\u00a0\u00bb.<\/p>\n<p>Partant de l\u00e0, le chef de l&rsquo;Etat s\u00e9n\u00e9galais a appel\u00e9 \u00ab\u00a0tous les partenaires \u00e0 lever les sanctions sur le bl\u00e9 et l&rsquo;engrais \u00bb parce que \u00ab des pays \u00e9loign\u00e9s du foyer du conflit en subissent encore les cons\u00e9quences \u00bb.<\/p>\n<p>Dans son discours, Macky Sall a soulign\u00e9 que \u00ab les sanctions antirusses ont aggrav\u00e9 cette situation et nous n&rsquo;avons plus acc\u00e8s aux c\u00e9r\u00e9ales russes, principalement au bl\u00e9. Et surtout, nous n&rsquo;avons pas acc\u00e8s aux engrais. La situation \u00e9tait mauvaise et maintenant elle s&rsquo;est aggrav\u00e9e, cr\u00e9ant une menace pour la s\u00e9curit\u00e9 alimentaire en Afrique \u00bb.<\/p>\n<p>En mars dernier, l&rsquo;Organisation des nations unies (Onu) a vot\u00e9 une r\u00e9solution pour exiger de la Russie qu&rsquo;elle \u00ab cesse imm\u00e9diatement de recourir \u00e0 la force contre l&rsquo;Ukraine \u00bb. Le texte a \u00e9t\u00e9 approuv\u00e9 par 141 pays sur les 193 de l&rsquo;Assembl\u00e9e G\u00e9n\u00e9rale.<\/p>\n<p>Ce jour-l\u00e0, 17 Etats africains faisaient partie des 35 dans le monde \u00e0 s&rsquo;\u00eatre abstenus. \u00ab La position de l&rsquo;Afrique est tr\u00e8s h\u00e9t\u00e9rog\u00e8ne. Malgr\u00e9 de fortes pressions, de nombreux pays n&rsquo;ont toujours pas d\u00e9nonc\u00e9 la position de la Russie \u00bb, a tenu \u00e0 pr\u00e9ciser le pr\u00e9sident en exercice de l&rsquo;UA.<\/p>\n<p>Vladimir Poutine, de son c\u00f4t\u00e9, s&rsquo;est dit heureux de voir Macky Sall et Moussa Faki Mahamat en Russie dans ce contexte international tendu.<\/p>\n<p>Cet article <a rel=\"nofollow\" href=\"https:\/\/www.journalducameroun.com\/conflit-ukrainien-vladimir-poutine-sengage-aupres-de-macky-sall\/\">Conflit ukrainien : Vladimir Poutine s\u2019engage aupr\u00e8s de Macky Sall<\/a> est apparu en premier sur <a rel=\"nofollow\" href=\"https:\/\/www.journalducameroun.com\/\">Journal du Cameroun<\/a>.<\/p>\n<\/div>\n<p>Auteur: APA News<br \/>\n<a href=\"https:\/\/www.journalducameroun.com\/conflit-ukrainien-vladimir-poutine-sengage-aupres-de-macky-sall\/\">Cliquez ici pour lire l&rsquo;article depuis sa source.<\/a><\/p>\n","protected":false},"excerpt":{"rendered":"<p>Le chef de l&rsquo;Etat russe a promis au pr\u00e9sident en exercice de l&rsquo;Union Africaine (UA) de lever les restrictions sur l&rsquo;exportation des c\u00e9r\u00e9ales de son pays et de l&rsquo;Ukraine.Ce vendredi 3 juin, au 100e jour de la guerre entre la Russie et l&rsquo;Ukraine, Macky Sall et Moussa Faki Mahamat, pr\u00e9sident de la Commission de l&rsquo;Union [&hellip;]<\/p>\n","protected":false},"author":1965,"featured_media":0,"comment_status":"closed","ping_status":"closed","sticky":false,"template":"","format":"standard","meta":{"fifu_image_url":"https:\/\/www.journalducameroun.com\/wp-content\/uploads\/2022\/06\/16542730833692.jpg","fifu_image_alt":"Conflit ukrainien : Vladimir Poutine s\u2019engage aupr\u00e8s de Macky Sall","footnotes":""},"categories":[73,82],"tags":[],"class_list":["post-149277","post","type-post","status-publish","format-standard","hentry","category-actualite","category-cameroun"],"_links":{"self":[{"href":"https:\/\/linitiative.ca\/International\/wp-json\/wp\/v2\/posts\/149277","targetHints":{"allow":["GET"]}}],"collection":[{"href":"https:\/\/linitiative.ca\/International\/wp-json\/wp\/v2\/posts"}],"about":[{"href":"https:\/\/linitiative.ca\/International\/wp-json\/wp\/v2\/types\/post"}],"author":[{"embeddable":true,"href":"https:\/\/linitiative.ca\/International\/wp-json\/wp\/v2\/users\/1965"}],"replies":[{"embeddable":true,"href":"https:\/\/linitiative.ca\/International\/wp-json\/wp\/v2\/comments?post=149277"}],"version-history":[{"count":0,"href":"https:\/\/linitiative.ca\/International\/wp-json\/wp\/v2\/posts\/149277\/revisions"}],"wp:attachment":[{"href":"https:\/\/linitiative.ca\/International\/wp-json\/wp\/v2\/media?parent=149277"}],"wp:term":[{"taxonomy":"category","embeddable":true,"href":"https:\/\/linitiative.ca\/International\/wp-json\/wp\/v2\/categories?post=149277"},{"taxonomy":"post_tag","embeddable":true,"href":"https:\/\/linitiative.ca\/International\/wp-json\/wp\/v2\/tags?post=149277"}],"curies":[{"name":"wp","href":"https:\/\/api.w.org\/{rel}","templated":true}]}}