{"id":149286,"date":"2022-06-03T10:10:59","date_gmt":"2022-06-03T14:10:59","guid":{"rendered":"https:\/\/linitiative.ca\/International\/sabc-le-nouveau-directeur-general-fait-de-la-revision-des-prix-de-boissons-sa-priorite\/"},"modified":"2022-06-03T10:10:59","modified_gmt":"2022-06-03T14:10:59","slug":"sabc-le-nouveau-directeur-general-fait-de-la-revision-des-prix-de-boissons-sa-priorite","status":"publish","type":"post","link":"https:\/\/linitiative.ca\/International\/sabc-le-nouveau-directeur-general-fait-de-la-revision-des-prix-de-boissons-sa-priorite\/","title":{"rendered":"SABC\u00a0: le nouveau Directeur g\u00e9n\u00e9ral fait de la r\u00e9vision des prix de boissons sa priorit\u00e9"},"content":{"rendered":"<div>\n<p>Les prix des boissons fabriqu\u00e9es par la Sabc pourraient subir une hausse d\u00e8s la prise fonction du nouveau Dg,\u00a0St\u00e9phane Descazeaud. Abordant le sujet lors d\u2019un \u00e9change avec Luc Magloire Mbarga Atangana,\u00a0le rempla\u00e7ant d\u2019Emmanuel de Tailly qui effectuait sa premi\u00e8re visite \u00e0 l\u2019immeuble rose, a fait allusion \u00e0 la pand\u00e9mie du coronavirus et la guerre russo-ukrainienne.<\/p>\n<p><strong>Lire aussi : <a href=\"https:\/\/ecomatin.net\/groupe-sabc-lempreinte-emmanuel-de-tailly-en-cinq-ans\/\" rel=\"sponsored nofollow\">Groupe SABC\u00a0: L\u2019empreinte\u00a0Emmanuel De Tailly en cinq ans<\/a><\/strong><\/p>\n<p>\u00ab\u2009<em>L\u2019h\u00f4te du Cameroun a indiqu\u00e9 au membre du gouvernement sa volont\u00e9 \u00e0 entamer [sa prise de fonction] par la question des prix. Selon ses propres termes, le Covid-19 et la guerre opposant la Russie \u00e0 l\u2019Ukraine ont jet\u00e9 de l\u2019huile sur le feu<\/em>\u2009\u00bb, a expliqu\u00e9 la cellule de la Communication du Mincommerce.<\/p>\n<p>En retour, le chef du d\u00e9partement minist\u00e9riel a demand\u00e9 \u00e0 son h\u00f4te de prendre son mal en patience. \u00ab\u2009<em>Gardez votre calme, prenez le temps de vous poser\u2026 On va \u00e9changer sur tous les volets de la question dans les semaines qui suivent, une fois que vous aurez pris le commandement. Vous pouvez compter sur notre disponibilit\u00e9 pour que les \u00e9changes soient fructueux<\/em>\u2009\u00bb, a rassur\u00e9 Luc Magloire Mbarga Atangana.<\/p>\n<p><strong>Lire aussi : <a href=\"https:\/\/ecomatin.net\/le-brasseur-sabc-va-distribuer-205-milliards-de-f-de-dividendes-a-ses-actionnaires-pour-lexercice-2021\/\" rel=\"nofollow\">Le brasseur SABC va distribuer 20,5 milliards de F\u00a0de dividendes \u00e0 ses actionnaires pour l\u2019exercice 2021<\/a><\/strong><\/p>\n<p>C\u2019est dire que le nouveau manager de la soci\u00e9t\u00e9 brassicole du Cameroun est au parfum des batailles autour de l\u2019augmentation du prix de la bi\u00e8re depuis le mois de mai 2022. En effet,\u00a0dans une lettre adress\u00e9e le 11\u00a0mai dernier au Mincommerce, le pr\u00e9sident national du Syndicat national des d\u00e9bits de boissons et bars du Cameroun (Syndebarcam),\u00a0Herv\u00e9 Nana annon\u00e7ait une hausse des prix des boissons \u00e0 compter du 1<sup>er<\/sup>\u00a0juin 2022 en fonction du type de boissons et le lieu de consommation. En parcourant la nouvelle grille tarifaire contest\u00e9e par le gouvernement, les prix verraient une hausse comprise entre 100F et 500FCFA.\u00a0 En clair, justifiait le Syndebarcam, en proc\u00e9dant \u00e0 une majoration de 50 F TTC sur un prix public de 650 F, la bouteille de 65cl, cela permettrait de couvrir 28 milliards de FCFA des surco\u00fbts d\u2019importation \u00e9valu\u00e9s \u00e0 35\u00a0milliards de FCFA entre 2020 et 2022 par les soci\u00e9t\u00e9s brassicoles.<\/p>\n<p>Lire aussi : <a href=\"https:\/\/ecomatin.net\/debits-de-boissons-les-exploitants-font-mousser-une-nouvelle-hausse-du-prix-de-la-biere\/\">D\u00e9bits de boissons : les exploitants font mousser une nouvelle hausse du prix de la bi\u00e8re<\/a><\/p>\n<p>Si le gouvernement n\u2019a pas approuv\u00e9 la d\u00e9marche emprunt\u00e9e par les syndicats, le Groupement interpatronal du Cameroun(Gicam) a plaid\u00e9 pour une augmentation de 8% des prix aux consommateurs.\u00a0Ceci \u00e0 cause de l\u2019explosion des prix des mati\u00e8res premi\u00e8res des entreprises brassicoles sur le march\u00e9 du fait de la pand\u00e9mie du coronavirus et tout r\u00e9cemment encore, le conflit entre la Russie et l\u2019Ukraine. De ce fait, le malt, le sucre, le gritz, le pr\u00e9forme, le monopropyl\u00e8ne, les capsules vis ont connu 10 \u00e0 201% de hausse sans oublier le fret maritime mont\u00e9e d\u2019un cran \u00e0 plus de 300% de l\u2019Asie, et de 200% pour les embarquements \u00e0 partir de l\u2019Europe.\u00a0<\/p>\n<p><strong>Lire aussi : <a href=\"https:\/\/ecomatin.net\/prix-de-la-biere-le-gouvernement-enterre-les-espoirs-dune-hausse-entretenue-par-les-exploitants\/\">Prix de la bi\u00e8re : le gouvernement enterre les espoirs d\u2019une hausse entretenue par les exploitants<\/a><\/strong><\/p>\n<p>Tout compte fait, d\u00e8s le 1<sup>er<\/sup>\u00a0juillet 2022, ce gros dossier sera g\u00e9r\u00e9 entre le gouvernement et la SABC et l\u2019on verra alors si l\u2019augmentation des prix des boissons tant souhait\u00e9e par les syndicats sera finalement maintenue comme dans plusieurs secteurs de la vie depuis pratiquement le d\u00e9but de l\u2019ann\u00e9e en cours.<\/p>\n<p>L\u2019article <a rel=\"nofollow\" href=\"https:\/\/ecomatin.net\/sabc-le-nouveau-directeur-general-fait-de-la-revision-des-prix-de-boissons-sa-priorite\/\">SABC\u00a0: le nouveau Directeur g\u00e9n\u00e9ral fait de la r\u00e9vision des prix de boissons sa priorit\u00e9<\/a> est apparu en premier sur <a rel=\"nofollow\" href=\"https:\/\/ecomatin.net\/\">EcoMatin<\/a>.<\/p>\n<\/div>\n<p>Auteur: EcoMatin<br \/>\n<a href=\"https:\/\/ecomatin.net\/sabc-le-nouveau-directeur-general-fait-de-la-revision-des-prix-de-boissons-sa-priorite\/\">Cliquez ici pour lire l&rsquo;article depuis sa source.<\/a><\/p>\n","protected":false},"excerpt":{"rendered":"<p>Les prix des boissons fabriqu\u00e9es par la Sabc pourraient subir une hausse d\u00e8s la prise fonction du nouveau Dg,\u00a0St\u00e9phane Descazeaud. Abordant le sujet lors d\u2019un \u00e9change avec Luc Magloire Mbarga Atangana,\u00a0le rempla\u00e7ant d\u2019Emmanuel de Tailly qui effectuait sa premi\u00e8re visite \u00e0 l\u2019immeuble rose, a fait allusion \u00e0 la pand\u00e9mie du coronavirus et la guerre russo-ukrainienne. [&hellip;]<\/p>\n","protected":false},"author":1969,"featured_media":0,"comment_status":"closed","ping_status":"closed","sticky":false,"template":"","format":"standard","meta":{"fifu_image_url":"","fifu_image_alt":"","footnotes":""},"categories":[82,78],"tags":[],"class_list":["post-149286","post","type-post","status-publish","format-standard","hentry","category-cameroun","category-economie"],"_links":{"self":[{"href":"https:\/\/linitiative.ca\/International\/wp-json\/wp\/v2\/posts\/149286","targetHints":{"allow":["GET"]}}],"collection":[{"href":"https:\/\/linitiative.ca\/International\/wp-json\/wp\/v2\/posts"}],"about":[{"href":"https:\/\/linitiative.ca\/International\/wp-json\/wp\/v2\/types\/post"}],"author":[{"embeddable":true,"href":"https:\/\/linitiative.ca\/International\/wp-json\/wp\/v2\/users\/1969"}],"replies":[{"embeddable":true,"href":"https:\/\/linitiative.ca\/International\/wp-json\/wp\/v2\/comments?post=149286"}],"version-history":[{"count":0,"href":"https:\/\/linitiative.ca\/International\/wp-json\/wp\/v2\/posts\/149286\/revisions"}],"wp:attachment":[{"href":"https:\/\/linitiative.ca\/International\/wp-json\/wp\/v2\/media?parent=149286"}],"wp:term":[{"taxonomy":"category","embeddable":true,"href":"https:\/\/linitiative.ca\/International\/wp-json\/wp\/v2\/categories?post=149286"},{"taxonomy":"post_tag","embeddable":true,"href":"https:\/\/linitiative.ca\/International\/wp-json\/wp\/v2\/tags?post=149286"}],"curies":[{"name":"wp","href":"https:\/\/api.w.org\/{rel}","templated":true}]}}