{"id":149287,"date":"2022-06-03T10:21:26","date_gmt":"2022-06-03T14:21:26","guid":{"rendered":"https:\/\/linitiative.ca\/International\/port-de-douala-le-premier-ministre-ordonne-la-suppression-de-la-redevance-de-pesage\/"},"modified":"2022-06-03T10:21:26","modified_gmt":"2022-06-03T14:21:26","slug":"port-de-douala-le-premier-ministre-ordonne-la-suppression-de-la-redevance-de-pesage","status":"publish","type":"post","link":"https:\/\/linitiative.ca\/International\/port-de-douala-le-premier-ministre-ordonne-la-suppression-de-la-redevance-de-pesage\/","title":{"rendered":"Port de Douala : le Premier ministre ordonne la suppression de la redevance de pesage"},"content":{"rendered":"<div>\n<p>La redevance de pesage au Port autonome de Douala (PAD) a fait l\u2019objet d\u2019importantes assises organis\u00e9es dans les services du premier minist\u00e8re courant avril 2022. Ces derni\u00e8res ont d\u00e9bouch\u00e9 sur une importante r\u00e9solution. En effet, au sortir de cette r\u00e9union strat\u00e9gique le premier ministre Joseph Dion Ngute a ordonn\u00e9 la suppression imm\u00e9diate de la redevance de pesage au PAD. C\u2019est du moins ce qu\u2019indique Jean Ernest Massena Ngalle Bibehe, ministre des Transports, dans une correspondance adress\u00e9e \u00e0 Cyrus Ngo\u2019o, directeur g\u00e9n\u00e9ral de la principale place portuaire du Cameroun. Une mesure ent\u00e9rin\u00e9e dans le but d\u2019att\u00e9nuer les bouleversements induits par les tensions inflationnistes engendr\u00e9es par la conjoncture internationale. \u00ab\u00a0Aux termes des conclusions issues des concertations relatif \u00e0 l\u2019objet repris en marge (tensions inflationnistes induites par la conjoncture internationale, Ndlr), tenues dans les services du Premier ministre les 5,6 et 12 avril 2022, vous voudrez bien mettre en \u0153uvre, la suspension imm\u00e9diate du paiement de la redevance de pesage au Port autonome de Douala et me rendre compte, des diligences entreprises pour la compl\u00e8te information du Premier ministre, Chef du gouvernement\u00bb, peut-on lire dans ce document dat\u00e9 du 18 mai 2022.<\/p>\n<p><strong>Lire aussi : <a href=\"https:\/\/ecomatin.net\/le-port-de-douala-annonce-un-benefice-de-64-milliards-en-2021\/\">Le port de Douala annonce un b\u00e9n\u00e9fice de 6,4 milliards en 2021<\/a><\/strong><\/p>\n<p>Aucune note officielle n\u2019est encore venue ent\u00e9riner les injonctions du Premier ministre. Du c\u00f4t\u00e9 du PAD c\u2019est encore lettre morte. La question n\u2019a d\u2019ailleurs pas \u00e9t\u00e9 \u00e9voqu\u00e9e lors du dernier conseil d\u2019administration tenu le 31 mai dernier. M\u00eame son de cloche du c\u00f4t\u00e9 du minist\u00e8re des transports qui n\u2019a toujours pas officialis\u00e9 la mesure prescrite par Joseph Dion Ngute. Toutefois, cette lenteur dans la mise en \u0153uvre d\u2019une mesure \u00e9manant du Premier minist\u00e8re est compr\u00e9hensible. C\u2019est que par le pass\u00e9 et encore aujourd\u2019hui, les tarifs pratiqu\u00e9s au Port de Douala (redevance de pesage portuaire\u00a0; redevance marchandise\u00a0; le renouvellement des badges\u00a0 d\u2019acc\u00e8s au port de Douala\u00a0; le double emploi engendr\u00e9 par certaines prestations factur\u00e9es par le PAD\u00a0etc.) ont toujours fait l\u2019objet de contestations par le patronat Camerounais.\u00a0<\/p>\n<p><strong>Lire aussi : <a href=\"https:\/\/ecomatin.net\/le-terminal-mixte-fruitier-du-port-de-douala-renove-a-hauteur-r-de-47-milliards-de-fcfa\/\">Le Terminal mixte fruitier du Port de Douala r\u00e9nov\u00e9 \u00e0 hauteur de \u00a04,7 milliards de FCFA<\/a><\/strong><\/p>\n<p>Contestations qui ont pouss\u00e9 le gouvernement a accord\u00e9 aux importateurs un abattement de 80% du co\u00fbt du fret \u00e0 int\u00e9grer dans la valeur en douane des marchandises import\u00e9es par voie maritime. La mesure a \u00e9t\u00e9 prorog\u00e9e \u00e0 deux reprises soit du 16 novembre 2021 au 31 mai 2022. Ce qui repr\u00e9sente un manque \u00e0 gagner de plus de 400 milliards de F pour le tr\u00e9sor public.La suppression de la redevance de pesage devrait \u00e9galement g\u00e9n\u00e9rer d\u2019\u00e9normes pertes pour l\u2019Etat. Ce qui explique peut-\u00eatre le laxisme observ\u00e9 dans le cadre de sa mise en \u0153uvre.<\/p>\n<p>L\u2019article <a rel=\"nofollow\" href=\"https:\/\/ecomatin.net\/port-de-douala-le-premier-ministre-ordonne-la-suppression-n-de-la-redevance-de-pesage\/\">Port de Douala : le Premier ministre ordonne la suppression de la redevance de pesage<\/a> est apparu en premier sur <a rel=\"nofollow\" href=\"https:\/\/ecomatin.net\/\">EcoMatin<\/a>.<\/p>\n<\/div>\n<p>Auteur: Paul Tjeg<br \/>\n<a href=\"https:\/\/ecomatin.net\/port-de-douala-le-premier-ministre-ordonne-la-suppression-n-de-la-redevance-de-pesage\/\">Cliquez ici pour lire l&rsquo;article depuis sa source.<\/a><\/p>\n","protected":false},"excerpt":{"rendered":"<p>La redevance de pesage au Port autonome de Douala (PAD) a fait l\u2019objet d\u2019importantes assises organis\u00e9es dans les services du premier minist\u00e8re courant avril 2022. Ces derni\u00e8res ont d\u00e9bouch\u00e9 sur une importante r\u00e9solution. En effet, au sortir de cette r\u00e9union strat\u00e9gique le premier ministre Joseph Dion Ngute a ordonn\u00e9 la suppression imm\u00e9diate de la redevance [&hellip;]<\/p>\n","protected":false},"author":1969,"featured_media":0,"comment_status":"closed","ping_status":"closed","sticky":false,"template":"","format":"standard","meta":{"fifu_image_url":"","fifu_image_alt":"","footnotes":""},"categories":[82,78],"tags":[],"class_list":["post-149287","post","type-post","status-publish","format-standard","hentry","category-cameroun","category-economie"],"_links":{"self":[{"href":"https:\/\/linitiative.ca\/International\/wp-json\/wp\/v2\/posts\/149287","targetHints":{"allow":["GET"]}}],"collection":[{"href":"https:\/\/linitiative.ca\/International\/wp-json\/wp\/v2\/posts"}],"about":[{"href":"https:\/\/linitiative.ca\/International\/wp-json\/wp\/v2\/types\/post"}],"author":[{"embeddable":true,"href":"https:\/\/linitiative.ca\/International\/wp-json\/wp\/v2\/users\/1969"}],"replies":[{"embeddable":true,"href":"https:\/\/linitiative.ca\/International\/wp-json\/wp\/v2\/comments?post=149287"}],"version-history":[{"count":0,"href":"https:\/\/linitiative.ca\/International\/wp-json\/wp\/v2\/posts\/149287\/revisions"}],"wp:attachment":[{"href":"https:\/\/linitiative.ca\/International\/wp-json\/wp\/v2\/media?parent=149287"}],"wp:term":[{"taxonomy":"category","embeddable":true,"href":"https:\/\/linitiative.ca\/International\/wp-json\/wp\/v2\/categories?post=149287"},{"taxonomy":"post_tag","embeddable":true,"href":"https:\/\/linitiative.ca\/International\/wp-json\/wp\/v2\/tags?post=149287"}],"curies":[{"name":"wp","href":"https:\/\/api.w.org\/{rel}","templated":true}]}}