{"id":149288,"date":"2022-06-03T11:02:35","date_gmt":"2022-06-03T15:02:35","guid":{"rendered":"https:\/\/linitiative.ca\/International\/au-cameroun-les-besoins-energetiques-des-industries-evalues-a-380mw-entre-2022-et-2024\/"},"modified":"2022-06-03T11:02:35","modified_gmt":"2022-06-03T15:02:35","slug":"au-cameroun-les-besoins-energetiques-des-industries-evalues-a-380mw-entre-2022-et-2024","status":"publish","type":"post","link":"https:\/\/linitiative.ca\/International\/au-cameroun-les-besoins-energetiques-des-industries-evalues-a-380mw-entre-2022-et-2024\/","title":{"rendered":"Au Cameroun, les besoins \u00e9nerg\u00e9tiques des industries \u00e9valu\u00e9s \u00e0 380MW entre 2022 et 2024"},"content":{"rendered":"<div>\n<p>L\u2019entreprise Energy of Cameroon (Eneo), le principal concessionnaire du service public en charge de la distribution de l\u2019\u00e9nergie \u00e9lectrique au Cameroun vient de rendre public son bulletin d\u2019informations trimestriel, qui rend compte de ses activit\u00e9s au cours des derniers mois et aussi des perspectives du secteur. Dans ce document, Eneo r\u00e9v\u00e8le qu\u2019elle a identifi\u00e9 un march\u00e9 potentiel de 380MW repr\u00e9sentant les besoins en consommation \u00e9nerg\u00e9tique des industries au cours des deux prochaines ann\u00e9es (2022-2024). Cet important march\u00e9 repose sur cinq principaux secteurs, en l\u2019occurrence celui de la m\u00e9tallurgie, de l\u2019agroalimentaire, des cimenteries, et de l\u2019immobilier et services.<\/p>\n<p>Eneo pr\u00e9sente par ailleurs une cartographie des zones \u00e0 fort potentiel \u00e9conomique o\u00f9 la demande est importante. Il s\u2019agit notamment de la zone couvrant les d\u00e9partements de la Sanaga-Maritime et de l\u2019Oc\u00e9an, avec une demande potentielle de 138MW du fait de l\u2019implantation \u00e0 Ed\u00e9a de l\u2019usine Aluminium du Cameroun (Alucam) et du Port autonome de Kribi\u00a0; de la zone industrielle de Douala-Bonab\u00e9ri et de la r\u00e9gion du Sud-Ouest dont la demande est \u00e9valu\u00e9e \u00e0 104MW, pr\u00e9cis\u00e9ment dans les zones industrielles de Bomono et de Bekoko\u00a0; de Douala-Est o\u00f9 la demande se chiffre \u00e0 53MW dans les zones industrielles de Bassa, Dibamba et la Zone de Ngodi Bakoko. Dans la r\u00e9gion du Centre, la ville de Yaound\u00e9, notamment la zone en d\u00e9veloppement de Nsimalen, et des localit\u00e9s environnantes (Mbandjock, Mbankomo et Nkoabang) disposent d\u2019une demande potentielle de 30MW \u00e0 court terme. La r\u00e9gion de l\u2019Adamaoua, avec un peu plus de 4 MW (02 d\u00e9j\u00e0 disponibles) de demande potentielle industrielle \u00e0 court-terme plus pr\u00e9cis\u00e9ment dans la zone industrielle de Magzi, et dans le Nord avec un peu plus de 38 MW de demande potentielle industrielle \u00e0 court-terme.<\/p>\n<p>Eneo croit savoir que les op\u00e9rateurs du secteur sont \u00e0 m\u00eame de satisfaire cette importante demande, au vu des potentialit\u00e9s \u00e9nerg\u00e9tiques que regorge le pays. \u00ab\u2009Avec les bonnes perspectives de disponibilit\u00e9 de production avec Nachtigal (420 MW, NDLR) et le d\u00e9veloppement de certains projets dans le septentrion (des centrales solaires et thermique d\u2019une capacit\u00e9 totale de 40 MW y sont en chantier, NDLR), le grand d\u00e9fi pour la satisfaction de cette demande est le d\u00e9veloppement d\u2019infrastructures cons\u00e9quentes du r\u00e9seau de transport de l\u2019\u00e9lectricit\u00e9\u2009\u00bb, pr\u00e9cise-t-on dans la note d\u2019informations trimestrielle. Le concessionnaire public de la distribution de l\u2019\u00e9lectricit\u00e9 assure \u00e9galement avoir d\u00e9j\u00e0 fait part de ces opportunit\u00e9s aux pouvoirs publics et au gestionnaire du r\u00e9seau de transport, la Soci\u00e9t\u00e9 nationale de transport de l\u2019\u00e9lectricit\u00e9 (Sonatrel).<\/p>\n<p>L\u2019article <a rel=\"nofollow\" href=\"https:\/\/ecomatin.net\/au-cameroun-les-besoins-energetiques-des-industries-evalues-a-380mw-entre-2022-et-2024\/\">Au Cameroun, les besoins \u00e9nerg\u00e9tiques des industries \u00e9valu\u00e9s \u00e0 380MW entre 2022 et 2024<\/a> est apparu en premier sur <a rel=\"nofollow\" href=\"https:\/\/ecomatin.net\/\">EcoMatin<\/a>.<\/p>\n<\/div>\n<p>Auteur: Yannick KENNE<br \/>\n<a href=\"https:\/\/ecomatin.net\/au-cameroun-les-besoins-energetiques-des-industries-evalues-a-380mw-entre-2022-et-2024\/\">Cliquez ici pour lire l&rsquo;article depuis sa source.<\/a><\/p>\n","protected":false},"excerpt":{"rendered":"<p>L\u2019entreprise Energy of Cameroon (Eneo), le principal concessionnaire du service public en charge de la distribution de l\u2019\u00e9nergie \u00e9lectrique au Cameroun vient de rendre public son bulletin d\u2019informations trimestriel, qui rend compte de ses activit\u00e9s au cours des derniers mois et aussi des perspectives du secteur. Dans ce document, Eneo r\u00e9v\u00e8le qu\u2019elle a identifi\u00e9 un [&hellip;]<\/p>\n","protected":false},"author":1969,"featured_media":0,"comment_status":"closed","ping_status":"closed","sticky":false,"template":"","format":"standard","meta":{"fifu_image_url":"","fifu_image_alt":"","footnotes":""},"categories":[82,78],"tags":[],"class_list":["post-149288","post","type-post","status-publish","format-standard","hentry","category-cameroun","category-economie"],"_links":{"self":[{"href":"https:\/\/linitiative.ca\/International\/wp-json\/wp\/v2\/posts\/149288","targetHints":{"allow":["GET"]}}],"collection":[{"href":"https:\/\/linitiative.ca\/International\/wp-json\/wp\/v2\/posts"}],"about":[{"href":"https:\/\/linitiative.ca\/International\/wp-json\/wp\/v2\/types\/post"}],"author":[{"embeddable":true,"href":"https:\/\/linitiative.ca\/International\/wp-json\/wp\/v2\/users\/1969"}],"replies":[{"embeddable":true,"href":"https:\/\/linitiative.ca\/International\/wp-json\/wp\/v2\/comments?post=149288"}],"version-history":[{"count":0,"href":"https:\/\/linitiative.ca\/International\/wp-json\/wp\/v2\/posts\/149288\/revisions"}],"wp:attachment":[{"href":"https:\/\/linitiative.ca\/International\/wp-json\/wp\/v2\/media?parent=149288"}],"wp:term":[{"taxonomy":"category","embeddable":true,"href":"https:\/\/linitiative.ca\/International\/wp-json\/wp\/v2\/categories?post=149288"},{"taxonomy":"post_tag","embeddable":true,"href":"https:\/\/linitiative.ca\/International\/wp-json\/wp\/v2\/tags?post=149288"}],"curies":[{"name":"wp","href":"https:\/\/api.w.org\/{rel}","templated":true}]}}