{"id":149289,"date":"2022-06-03T11:15:35","date_gmt":"2022-06-03T15:15:35","guid":{"rendered":"https:\/\/linitiative.ca\/International\/secteur-de-lelectricite-eneo-annonce-avoir-investi-53-milliards-pour-la-stabilite-du-reseau-de-distribution-en-2021\/"},"modified":"2022-06-03T11:15:35","modified_gmt":"2022-06-03T15:15:35","slug":"secteur-de-lelectricite-eneo-annonce-avoir-investi-53-milliards-pour-la-stabilite-du-reseau-de-distribution-en-2021","status":"publish","type":"post","link":"https:\/\/linitiative.ca\/International\/secteur-de-lelectricite-eneo-annonce-avoir-investi-53-milliards-pour-la-stabilite-du-reseau-de-distribution-en-2021\/","title":{"rendered":"Secteur de\u00a0l\u2019\u00e9lectricit\u00e9 :\u00a0Eneo annonce avoir investi 53 milliards pour la stabilit\u00e9 du r\u00e9seau de\u00a0\u00a0distribution en 2021"},"content":{"rendered":"<div>\n<p>L\u2019entreprise Energy of Cameroon (Eneo) a mis un point d\u2019honneur sur le volet investissements de ses activit\u00e9s au cours de l\u2019ann\u00e9e 2021.\u00a0 Le concessionnaire du service public en charge de la distribution de l\u2019\u00e9nergie \u00e9lectrique au Cameroun, dans son bulletin d\u2019information du premier trimestre 2022 consult\u00e9 par EcoMatin, indique qu\u2019en\u00a0\u00ab\u20292021,\u2029les\u2029\u00a0r\u00e9alisations\u2029\u00a0d\u2019Eneo\u2029\u00a0sont\u00a0nettement meilleures que celles des ann\u00e9es\u2029\u00a0pr\u00e9c\u00e9dentes, avec 53 milliards d\u2019investissement,\u2029\u00a0contre\u202930\u2029milliards\u2029en\u2029moyenne\u2029par\u2029an\u2029et\u2029sur\u2029fonds\u2029\u00a0propres\u2029depuis\u20292015\u00a0\u00bb peut-on lire.<\/p>\n<p><strong>Lire aussi : <a href=\"https:\/\/ecomatin.net\/eneo-cherche-210-milliards-de-fcfa-pour-poursuivre-son-programme-dinvestissements\/\">Eneo cherche 210 milliards de FCFA pour poursuivre son programme d\u2019investissements<\/a><\/strong><\/p>\n<p>Les retomb\u00e9es de cet investissement se sont tr\u00e8s vite faites ressentir. A en croire l\u2019\u00e9nerg\u00e9ticien camerounais,\u00a0 elles ont contribu\u00e9 \u00e0 une am\u00e9lioration\u00a0cons\u00e9quente\u2029\u00a0de\u2029\u00a0la\u2029\u00a0stabilit\u00e9\u2029\u00a0du\u2029r\u00e9seau\u00a0\u2029de\u2029\u00a0distribution\u2029\u00a0de\u00a0\u2029l\u2019ordre\u00a0\u2029de\u2029\u00a018%.\u2029\u00a0Cette\u00a0stabilisation\u2029\u00a0s\u2019est\u2029\u00a0traduite\u2029\u00a0au\u2029\u00a0cours\u2029\u00a0du\u2029\u00a0premier\u2029\u00a0trimestre\u2029\u00a02022\u2029par\u00a0une\u00a0tr\u00e8s\u2029faible\u2029\u00a0contribution\u00a0\u2029du\u2029\u00a0r\u00e9seau\u2029\u00a0de\u2029\u00a0distribution\u2029\u00a0d\u2019Eneo\u2029\u00a0aux\u2029\u00e9nergies\u2029\u00a0non\u2029\u00a0fournies\u00a0\u2029aux\u2029\u00a0clients.\u2029\u00ab\u00a0Avec\u2029\u00a0moins\u2029de\u20292%\u2029de\u2029responsabilit\u00e9,\u2029ce r\u00e9seau\u2029est\u2029bien\u2029\u00a0loin derri\u00e8re le r\u00e9seau de transport (58%) et le\u2029\u00a0segment\u2029production\u2029(40%)\u00a0\u00bb, note l\u2019entreprise.\u00a0Afin de\u00a0<strong>\u00a0<\/strong>juguler au mieux les irruptions et de fournir une \u00e9nergie de qualit\u00e9 durant le d\u00e9roulement de la 33e \u00e9dition de la Coupe d\u2019 Afrique\u00a0des Nations de football, l\u2019entreprise avait\u00a0am\u00e9lior\u00e9 de 18% son offre de distribution. Ce gr\u00e2ce \u00e0 un investissement\u00a0\u00a0de 5,2 milliards. \u00a0<\/p>\n<p><strong>Lire aussi : <a href=\"https:\/\/ecomatin.net\/energie-electrique-le-gouvernement-va-accompagner-eneo-dans-son-plan-dinvestissement\/\">Energie \u00e9lectrique\u00a0:\u00a0le gouvernement va accompagner Eneo dans son plan d\u2019investissement<\/a><\/strong><\/p>\n<p>Pour renforcer davantage sa pr\u00e9sence sur ces pans d\u2019activit\u00e9, l\u2019entreprise envisage sur la p\u00e9riode 2021-2031, de mettre sur pied un plan d\u2019investissement d\u2019une enveloppe de 600 millions d\u2019euros, soit pr\u00e8s de 393,574 milliards de Fcfa. Ceci dans l\u2019optique de r\u00e9soudre les soucis auxquels l\u2019entreprise est confront\u00e9e mais aussi d\u2019am\u00e9liorer l\u2019offre \u00e9nerg\u00e9tique sur le territoire national. Dans le cadre de ce\u00a0plan d\u2019investissement pour le compte de l\u2019ann\u00e9e 2022, Eneo envisage retourner sur le march\u00e9 financier, pour tenter de lever 210 milliards, aupr\u00e8s de la Soci\u00e9t\u00e9 financi\u00e8re internationale (SFI), filiale de la Banque mondiale d\u00e9di\u00e9e au financement du secteur priv\u00e9.<\/p>\n<p><strong>\u00a0Les projets<\/strong><\/p>\n<p>Dans le cadre de ses projets \u00e0 venir, la holding\u00a0d\u00e9tenue \u00e0 51%\u00a0par l\u2019investisseur britannique Actis\u00a0annonce le d\u00e9veloppement de fili\u00e8res\u2029\u00a0industrielles\u2029\u00a0locales de\u2029\u00a0production\u2029d\u2019intrants\u2029\u00a0du\u2029r\u00e9seau, l\u2019am\u00e9lioration de la gouvernance et de la\u2029\u00a0diversit\u00e9 ; le\u2029\u00a0rallongement\u2029\u00a0de\u2029\u00a0la\u2029\u00a0dur\u00e9e\u2029\u00a0de\u2029\u00a0vie\u2029\u00a0des\u2029grands\u2029barrages\u2029\u00a0existants\u2029\u00a0et\u00a0\u2029dont\u2029\u00a0Eneo\u2029\u00a0a\u2029\u00a0la\u2029\u00a0charge\u2029\u00a0de\u2029\u00a0l\u2019exploitation\u2029(Songloulou,\u2029Ed\u00e9a et\u00a0\u2029Lagdo) etc.<\/p>\n<p><strong>Lire aussi : <a href=\"https:\/\/ecomatin.net\/secteur-de-lelectricite-les-sous-traitants-deneo-menacent-de-faire-greve\/\">Secteur de l\u2019\u00e9lectricit\u00e9 : les sous-traitants d\u2019Eneo menacent de faire gr\u00e8ve<\/a><\/strong><\/p>\n<p>L\u2019article <a rel=\"nofollow\" href=\"https:\/\/ecomatin.net\/secteur-de-lelectricite-eneo-annonce-avoir-investi-53-milliards-pour-la-stabilite-du-reseau-de-distribution-en-2021\/\">Secteur de\u00a0l\u2019\u00e9lectricit\u00e9 :\u00a0Eneo annonce avoir investi 53 milliards pour la stabilit\u00e9 du r\u00e9seau de\u00a0\u00a0distribution en 2021<\/a> est apparu en premier sur <a rel=\"nofollow\" href=\"https:\/\/ecomatin.net\/\">EcoMatin<\/a>.<\/p>\n<\/div>\n<p>Auteur: Amina MALLOUM<br \/>\n<a href=\"https:\/\/ecomatin.net\/secteur-de-lelectricite-eneo-annonce-avoir-investi-53-milliards-pour-la-stabilite-du-reseau-de-distribution-en-2021\/\">Cliquez ici pour lire l&rsquo;article depuis sa source.<\/a><\/p>\n","protected":false},"excerpt":{"rendered":"<p>L\u2019entreprise Energy of Cameroon (Eneo) a mis un point d\u2019honneur sur le volet investissements de ses activit\u00e9s au cours de l\u2019ann\u00e9e 2021.\u00a0 Le concessionnaire du service public en charge de la distribution de l\u2019\u00e9nergie \u00e9lectrique au Cameroun, dans son bulletin d\u2019information du premier trimestre 2022 consult\u00e9 par EcoMatin, indique qu\u2019en\u00a0\u00ab\u20292021,\u2029les\u2029\u00a0r\u00e9alisations\u2029\u00a0d\u2019Eneo\u2029\u00a0sont\u00a0nettement meilleures que celles des ann\u00e9es\u2029\u00a0pr\u00e9c\u00e9dentes, [&hellip;]<\/p>\n","protected":false},"author":1969,"featured_media":0,"comment_status":"closed","ping_status":"closed","sticky":false,"template":"","format":"standard","meta":{"fifu_image_url":"","fifu_image_alt":"","footnotes":""},"categories":[82,78],"tags":[],"class_list":["post-149289","post","type-post","status-publish","format-standard","hentry","category-cameroun","category-economie"],"_links":{"self":[{"href":"https:\/\/linitiative.ca\/International\/wp-json\/wp\/v2\/posts\/149289","targetHints":{"allow":["GET"]}}],"collection":[{"href":"https:\/\/linitiative.ca\/International\/wp-json\/wp\/v2\/posts"}],"about":[{"href":"https:\/\/linitiative.ca\/International\/wp-json\/wp\/v2\/types\/post"}],"author":[{"embeddable":true,"href":"https:\/\/linitiative.ca\/International\/wp-json\/wp\/v2\/users\/1969"}],"replies":[{"embeddable":true,"href":"https:\/\/linitiative.ca\/International\/wp-json\/wp\/v2\/comments?post=149289"}],"version-history":[{"count":0,"href":"https:\/\/linitiative.ca\/International\/wp-json\/wp\/v2\/posts\/149289\/revisions"}],"wp:attachment":[{"href":"https:\/\/linitiative.ca\/International\/wp-json\/wp\/v2\/media?parent=149289"}],"wp:term":[{"taxonomy":"category","embeddable":true,"href":"https:\/\/linitiative.ca\/International\/wp-json\/wp\/v2\/categories?post=149289"},{"taxonomy":"post_tag","embeddable":true,"href":"https:\/\/linitiative.ca\/International\/wp-json\/wp\/v2\/tags?post=149289"}],"curies":[{"name":"wp","href":"https:\/\/api.w.org\/{rel}","templated":true}]}}