{"id":14934,"date":"2019-02-17T15:16:14","date_gmt":"2019-02-17T20:16:14","guid":{"rendered":"https:\/\/linitiative.ca\/International\/pros-fc-porto-bonne-nouvelle-pour-brahimi\/"},"modified":"2019-02-17T15:16:14","modified_gmt":"2019-02-17T20:16:14","slug":"pros-fc-porto-bonne-nouvelle-pour-brahimi","status":"publish","type":"post","link":"https:\/\/linitiative.ca\/International\/pros-fc-porto-bonne-nouvelle-pour-brahimi\/","title":{"rendered":"Pros : FC Porto: Bonne nouvelle pour Brahimi"},"content":{"rendered":"<div readability=\"32\">\n<p>Auteur : <span>Riad O.<\/span> <span class=\"time\">dimanche 17 f\u00e9vrier 2019 16:26<\/span><\/p>\n<\/div>\n<div id=\"post_core\" readability=\"38\">\n<p>Selon la presse portugaise, Yacine Brahimi sera apte pour les deux prochains matchs du FC Porto face au Sporting Braga et le Benfica. En effet, le FC Porto affrontera le Sporting Braga en demi-finale de la coupe du Portugal le 26 f\u00e9vrier, et d\u2019affronter \u00e9galement le Benfica le 03 mars prochain lors du choc de la 24\u00e8me journ\u00e9e de la Liga NOS. Le FC Porto croisera par la suite le fer avec l\u2019AS Rome en 8es de finale retour de la LDC le 06 mars prochain. Rappelons que Brahimi se remet progressivement de sa blessure \u00e0 la cheville gauche.<\/p>\n<p><strong>Publi\u00e9 dans :<\/strong> <span>Brahimi<\/span><\/p>\n<\/div>\n<p>Auteur:<br \/>\n<a href=\"http:\/\/www.lebuteur.com\/article\/detail?titre=fc-porto-bonne-nouvelle-pour-brahimi&#038;id=86470&#038;utm_source=feedburner&#038;utm_medium=feed&#038;utm_campaign=Feed%3A+GalerieFArtciles+%28Les+derniers+articles++-+lebuteur.com%29\">Cliquez ici pour lire l&rsquo;article depuis sa source.<\/a><\/p>\n","protected":false},"excerpt":{"rendered":"<p>Auteur : Riad O. dimanche 17 f\u00e9vrier 2019 16:26 Selon la presse portugaise, Yacine Brahimi sera apte pour les deux prochains matchs du FC Porto face au Sporting Braga et le Benfica. En effet, le FC Porto affrontera le Sporting Braga en demi-finale de la coupe du Portugal le 26 f\u00e9vrier, et d\u2019affronter \u00e9galement le [&hellip;]<\/p>\n","protected":false},"author":1738,"featured_media":14935,"comment_status":"closed","ping_status":"closed","sticky":false,"template":"","format":"standard","meta":{"fifu_image_url":"","fifu_image_alt":"","footnotes":""},"categories":[53,75],"tags":[],"class_list":["post-14934","post","type-post","status-publish","format-standard","has-post-thumbnail","hentry","category-algerie","category-sport"],"_links":{"self":[{"href":"https:\/\/linitiative.ca\/International\/wp-json\/wp\/v2\/posts\/14934","targetHints":{"allow":["GET"]}}],"collection":[{"href":"https:\/\/linitiative.ca\/International\/wp-json\/wp\/v2\/posts"}],"about":[{"href":"https:\/\/linitiative.ca\/International\/wp-json\/wp\/v2\/types\/post"}],"author":[{"embeddable":true,"href":"https:\/\/linitiative.ca\/International\/wp-json\/wp\/v2\/users\/1738"}],"replies":[{"embeddable":true,"href":"https:\/\/linitiative.ca\/International\/wp-json\/wp\/v2\/comments?post=14934"}],"version-history":[{"count":0,"href":"https:\/\/linitiative.ca\/International\/wp-json\/wp\/v2\/posts\/14934\/revisions"}],"wp:featuredmedia":[{"embeddable":true,"href":"https:\/\/linitiative.ca\/International\/wp-json\/"}],"wp:attachment":[{"href":"https:\/\/linitiative.ca\/International\/wp-json\/wp\/v2\/media?parent=14934"}],"wp:term":[{"taxonomy":"category","embeddable":true,"href":"https:\/\/linitiative.ca\/International\/wp-json\/wp\/v2\/categories?post=14934"},{"taxonomy":"post_tag","embeddable":true,"href":"https:\/\/linitiative.ca\/International\/wp-json\/wp\/v2\/tags?post=14934"}],"curies":[{"name":"wp","href":"https:\/\/api.w.org\/{rel}","templated":true}]}}