{"id":14936,"date":"2019-02-17T15:16:15","date_gmt":"2019-02-17T20:16:15","guid":{"rendered":"https:\/\/linitiative.ca\/International\/pros-naples-mauvaise-nouvelle-pour-ounas\/"},"modified":"2019-02-17T15:16:15","modified_gmt":"2019-02-17T20:16:15","slug":"pros-naples-mauvaise-nouvelle-pour-ounas","status":"publish","type":"post","link":"https:\/\/linitiative.ca\/International\/pros-naples-mauvaise-nouvelle-pour-ounas\/","title":{"rendered":"Pros : Naples: Mauvaise nouvelle pour Ounas"},"content":{"rendered":"<div readability=\"32\">\n<p>Auteur : <span>Riad O.<\/span> <span class=\"time\">dimanche 17 f\u00e9vrier 2019 16:26<\/span><\/p>\n<\/div>\n<div id=\"post_core\" readability=\"35\">\n<p>Le joueur alg\u00e9rien de Naples, Adam Ounas ne prendra pas part \u00e0 la rencontre d\u2019aujourd\u2019hui qui mettra aux prises son team \u00e0 Torino. L\u2019ancien joueur des Girondins de Bordeaux souffre d\u2019une blessure qu\u2019il a contract\u00e9 lors du pr\u00e9c\u00e9dent match face au FC Zurich en Europa League.<\/p>\n<p><strong>Publi\u00e9 dans :<\/strong> <span>Ounas<\/span><\/p>\n<\/div>\n<p>Auteur:<br \/>\n<a href=\"http:\/\/www.lebuteur.com\/article\/detail?titre=naples-mauvaise-nouvelle-pour-ounas&#038;id=86469&#038;utm_source=feedburner&#038;utm_medium=feed&#038;utm_campaign=Feed%3A+GalerieFArtciles+%28Les+derniers+articles++-+lebuteur.com%29\">Cliquez ici pour lire l&rsquo;article depuis sa source.<\/a><\/p>\n","protected":false},"excerpt":{"rendered":"<p>Auteur : Riad O. dimanche 17 f\u00e9vrier 2019 16:26 Le joueur alg\u00e9rien de Naples, Adam Ounas ne prendra pas part \u00e0 la rencontre d\u2019aujourd\u2019hui qui mettra aux prises son team \u00e0 Torino. L\u2019ancien joueur des Girondins de Bordeaux souffre d\u2019une blessure qu\u2019il a contract\u00e9 lors du pr\u00e9c\u00e9dent match face au FC Zurich en Europa League. [&hellip;]<\/p>\n","protected":false},"author":1738,"featured_media":14937,"comment_status":"closed","ping_status":"closed","sticky":false,"template":"","format":"standard","meta":{"fifu_image_url":"","fifu_image_alt":"","footnotes":""},"categories":[53,75],"tags":[],"class_list":["post-14936","post","type-post","status-publish","format-standard","has-post-thumbnail","hentry","category-algerie","category-sport"],"_links":{"self":[{"href":"https:\/\/linitiative.ca\/International\/wp-json\/wp\/v2\/posts\/14936","targetHints":{"allow":["GET"]}}],"collection":[{"href":"https:\/\/linitiative.ca\/International\/wp-json\/wp\/v2\/posts"}],"about":[{"href":"https:\/\/linitiative.ca\/International\/wp-json\/wp\/v2\/types\/post"}],"author":[{"embeddable":true,"href":"https:\/\/linitiative.ca\/International\/wp-json\/wp\/v2\/users\/1738"}],"replies":[{"embeddable":true,"href":"https:\/\/linitiative.ca\/International\/wp-json\/wp\/v2\/comments?post=14936"}],"version-history":[{"count":0,"href":"https:\/\/linitiative.ca\/International\/wp-json\/wp\/v2\/posts\/14936\/revisions"}],"wp:featuredmedia":[{"embeddable":true,"href":"https:\/\/linitiative.ca\/International\/wp-json\/"}],"wp:attachment":[{"href":"https:\/\/linitiative.ca\/International\/wp-json\/wp\/v2\/media?parent=14936"}],"wp:term":[{"taxonomy":"category","embeddable":true,"href":"https:\/\/linitiative.ca\/International\/wp-json\/wp\/v2\/categories?post=14936"},{"taxonomy":"post_tag","embeddable":true,"href":"https:\/\/linitiative.ca\/International\/wp-json\/wp\/v2\/tags?post=14936"}],"curies":[{"name":"wp","href":"https:\/\/api.w.org\/{rel}","templated":true}]}}