{"id":149389,"date":"2022-06-05T07:55:34","date_gmt":"2022-06-05T11:55:34","guid":{"rendered":"https:\/\/linitiative.ca\/International\/espagne-debut-du-retour-des-saisonnieres-marocaines\/"},"modified":"2022-06-05T07:55:34","modified_gmt":"2022-06-05T11:55:34","slug":"espagne-debut-du-retour-des-saisonnieres-marocaines","status":"publish","type":"post","link":"https:\/\/linitiative.ca\/International\/espagne-debut-du-retour-des-saisonnieres-marocaines\/","title":{"rendered":"Espagne: D\u00e9but du retour des saisonni\u00e8res marocaines"},"content":{"rendered":"<div>\n<div class=\"field field-name-body field-type-text-with-summary field-label-hidden\">\n<div class=\"field-items\">\n<div class=\"field-item even\" property=\"content:encoded\">\n<p class=\"rtejustify\">Les saisonni\u00e8res marocaines recrut\u00e9es pour la r\u00e9colte des fruits rouges dans le Sud de l\u2019Espagne ont entam\u00e9 leur retour au Maroc. Quelque 650 saisonni\u00e8res marocaines sur les 11.100 arriv\u00e9es en Espagne avec un contrat sont d\u00e9j\u00e0 rentr\u00e9es dans leur pays dans le cadre de l&rsquo;op\u00e9ration de retour qui a d\u00e9but\u00e9 la semaine derni\u00e8re et se terminera fin juin.<\/p>\n<p class=\"rtejustify\">Seuls les travailleurs qui ont sign\u00e9 une prolongation de contrat ou ont d\u00e9croch\u00e9 d&rsquo;autres emplois dans le secteur agricole se trouveront \u00e0 Huelva.<\/p>\n<\/div>\n<\/div>\n<\/div>\n<\/div>\n<p>Auteur: hgueye<br \/>\n<a href=\"https:\/\/www.leconomiste.com\/flash-infos\/espagne-debut-du-retour-des-saisonnieres-marocaines\">Cliquez ici pour lire l&rsquo;article depuis sa source.<\/a><\/p>\n","protected":false},"excerpt":{"rendered":"<p>Les saisonni\u00e8res marocaines recrut\u00e9es pour la r\u00e9colte des fruits rouges dans le Sud de l\u2019Espagne ont entam\u00e9 leur retour au Maroc. Quelque 650 saisonni\u00e8res marocaines sur les 11.100 arriv\u00e9es en Espagne avec un contrat sont d\u00e9j\u00e0 rentr\u00e9es dans leur pays dans le cadre de l&rsquo;op\u00e9ration de retour qui a d\u00e9but\u00e9 la semaine derni\u00e8re et se [&hellip;]<\/p>\n","protected":false},"author":1763,"featured_media":0,"comment_status":"closed","ping_status":"closed","sticky":false,"template":"","format":"standard","meta":{"fifu_image_url":"","fifu_image_alt":"","footnotes":""},"categories":[78,54],"tags":[],"class_list":["post-149389","post","type-post","status-publish","format-standard","hentry","category-economie","category-maroc"],"_links":{"self":[{"href":"https:\/\/linitiative.ca\/International\/wp-json\/wp\/v2\/posts\/149389","targetHints":{"allow":["GET"]}}],"collection":[{"href":"https:\/\/linitiative.ca\/International\/wp-json\/wp\/v2\/posts"}],"about":[{"href":"https:\/\/linitiative.ca\/International\/wp-json\/wp\/v2\/types\/post"}],"author":[{"embeddable":true,"href":"https:\/\/linitiative.ca\/International\/wp-json\/wp\/v2\/users\/1763"}],"replies":[{"embeddable":true,"href":"https:\/\/linitiative.ca\/International\/wp-json\/wp\/v2\/comments?post=149389"}],"version-history":[{"count":0,"href":"https:\/\/linitiative.ca\/International\/wp-json\/wp\/v2\/posts\/149389\/revisions"}],"wp:attachment":[{"href":"https:\/\/linitiative.ca\/International\/wp-json\/wp\/v2\/media?parent=149389"}],"wp:term":[{"taxonomy":"category","embeddable":true,"href":"https:\/\/linitiative.ca\/International\/wp-json\/wp\/v2\/categories?post=149389"},{"taxonomy":"post_tag","embeddable":true,"href":"https:\/\/linitiative.ca\/International\/wp-json\/wp\/v2\/tags?post=149389"}],"curies":[{"name":"wp","href":"https:\/\/api.w.org\/{rel}","templated":true}]}}