{"id":149411,"date":"2022-06-05T08:23:59","date_gmt":"2022-06-05T12:23:59","guid":{"rendered":"https:\/\/linitiative.ca\/International\/lespagne-accordera-plus-de-visas-de-travail-aux-etrangers-dont-les-marocains\/"},"modified":"2022-06-05T08:23:59","modified_gmt":"2022-06-05T12:23:59","slug":"lespagne-accordera-plus-de-visas-de-travail-aux-etrangers-dont-les-marocains","status":"publish","type":"post","link":"https:\/\/linitiative.ca\/International\/lespagne-accordera-plus-de-visas-de-travail-aux-etrangers-dont-les-marocains\/","title":{"rendered":"L\u2019Espagne accordera plus de visas de travail aux \u00e9trangers, dont les Marocains"},"content":{"rendered":"<div><img decoding=\"async\" width=\"1200\" height=\"675\" src=\"https:\/\/linitiative.ca\/International\/wp-content\/uploads\/sites\/23\/2022\/06\/PHOT.jpg\" class=\"attachment-post-thumbnail size-post-thumbnail wp-post-image\" alt=\"\" loading=\"lazy\" srcset=\"https:\/\/linitiative.ca\/International\/wp-content\/uploads\/sites\/23\/2022\/06\/PHOT.jpg 1200w, https:\/\/www.challenge.ma\/wp-content\/uploads\/2022\/06\/PHOT-300x169.jpg 300w, https:\/\/www.challenge.ma\/wp-content\/uploads\/2022\/06\/PHOT-1024x576.jpg 1024w, https:\/\/www.challenge.ma\/wp-content\/uploads\/2022\/06\/PHOT-768x432.jpg 768w, https:\/\/www.challenge.ma\/wp-content\/uploads\/2022\/06\/PHOT-360x203.jpg 360w, https:\/\/www.challenge.ma\/wp-content\/uploads\/2022\/06\/PHOT-750x422.jpg 750w\" sizes=\"auto, (max-width: 1200px) 100vw, 1200px\" itemprop=\"image\">L\u2019Espagne pr\u00e9voit d\u2019assouplir les r\u00e8gles relatives aux permis de travail pour les \u00e9trangers, dont les Marocains, a selon son ministre de la S\u00e9curit\u00e9 sociale et des Migrations. Objectif\u00a0: rem\u00e9dier aux p\u00e9nuries de main-d\u2019\u0153uvre dans des secteurs tels que le tourisme et la construction qui menacent la reprise \u00e9conomique dans le<\/div>\n<p>Auteur: Adama Sylla<br \/>\n<a href=\"https:\/\/www.challenge.ma\/lespagne-accordera-plus-de-visas-de-travail-aux-etrangers-dont-les-marocains-239993\/\">Cliquez ici pour lire l&rsquo;article depuis sa source.<\/a><\/p>\n","protected":false},"excerpt":{"rendered":"<p>L\u2019Espagne pr\u00e9voit d\u2019assouplir les r\u00e8gles relatives aux permis de travail pour les \u00e9trangers, dont les Marocains, a selon son ministre de la S\u00e9curit\u00e9 sociale et des Migrations. Objectif\u00a0: rem\u00e9dier aux p\u00e9nuries de main-d\u2019\u0153uvre dans des secteurs tels que le tourisme et la construction qui menacent la reprise \u00e9conomique dans le Auteur: Adama Sylla Cliquez ici [&hellip;]<\/p>\n","protected":false},"author":1787,"featured_media":0,"comment_status":"closed","ping_status":"closed","sticky":false,"template":"","format":"standard","meta":{"fifu_image_url":"https:\/\/www.challenge.ma\/wp-content\/uploads\/2022\/06\/PHOT.jpg","fifu_image_alt":"L\u2019Espagne accordera plus de visas de travail aux \u00e9trangers, dont les Marocains","footnotes":""},"categories":[78,54],"tags":[],"class_list":["post-149411","post","type-post","status-publish","format-standard","hentry","category-economie","category-maroc"],"_links":{"self":[{"href":"https:\/\/linitiative.ca\/International\/wp-json\/wp\/v2\/posts\/149411","targetHints":{"allow":["GET"]}}],"collection":[{"href":"https:\/\/linitiative.ca\/International\/wp-json\/wp\/v2\/posts"}],"about":[{"href":"https:\/\/linitiative.ca\/International\/wp-json\/wp\/v2\/types\/post"}],"author":[{"embeddable":true,"href":"https:\/\/linitiative.ca\/International\/wp-json\/wp\/v2\/users\/1787"}],"replies":[{"embeddable":true,"href":"https:\/\/linitiative.ca\/International\/wp-json\/wp\/v2\/comments?post=149411"}],"version-history":[{"count":0,"href":"https:\/\/linitiative.ca\/International\/wp-json\/wp\/v2\/posts\/149411\/revisions"}],"wp:attachment":[{"href":"https:\/\/linitiative.ca\/International\/wp-json\/wp\/v2\/media?parent=149411"}],"wp:term":[{"taxonomy":"category","embeddable":true,"href":"https:\/\/linitiative.ca\/International\/wp-json\/wp\/v2\/categories?post=149411"},{"taxonomy":"post_tag","embeddable":true,"href":"https:\/\/linitiative.ca\/International\/wp-json\/wp\/v2\/tags?post=149411"}],"curies":[{"name":"wp","href":"https:\/\/api.w.org\/{rel}","templated":true}]}}