{"id":149413,"date":"2022-06-05T09:04:51","date_gmt":"2022-06-05T13:04:51","guid":{"rendered":"https:\/\/linitiative.ca\/International\/marche-de-lemploi-le-secteur-informatique-triple-sa-demande-de-profils\/"},"modified":"2022-06-05T09:04:51","modified_gmt":"2022-06-05T13:04:51","slug":"marche-de-lemploi-le-secteur-informatique-triple-sa-demande-de-profils","status":"publish","type":"post","link":"https:\/\/linitiative.ca\/International\/marche-de-lemploi-le-secteur-informatique-triple-sa-demande-de-profils\/","title":{"rendered":"March\u00e9 de l\u2019emploi. Le secteur informatique triple sa demande de profils"},"content":{"rendered":"<div><img decoding=\"async\" width=\"990\" height=\"363\" src=\"https:\/\/linitiative.ca\/International\/wp-content\/uploads\/sites\/23\/2022\/06\/INFORMATIQUE.jpg\" class=\"attachment-post-thumbnail size-post-thumbnail wp-post-image\" alt=\"\" loading=\"lazy\" srcset=\"https:\/\/linitiative.ca\/International\/wp-content\/uploads\/sites\/23\/2022\/06\/INFORMATIQUE.jpg 990w, https:\/\/www.challenge.ma\/wp-content\/uploads\/2022\/06\/INFORMATIQUE-300x110.jpg 300w, https:\/\/www.challenge.ma\/wp-content\/uploads\/2022\/06\/INFORMATIQUE-768x282.jpg 768w, https:\/\/www.challenge.ma\/wp-content\/uploads\/2022\/06\/INFORMATIQUE-360x132.jpg 360w, https:\/\/www.challenge.ma\/wp-content\/uploads\/2022\/06\/INFORMATIQUE-750x275.jpg 750w\" sizes=\"auto, (max-width: 990px) 100vw, 990px\" itemprop=\"image\">Le secteur informatique a \u00e9t\u00e9 le plus grand employeur durant le mois d\u2019avril en 2022, en repr\u00e9sentant le tiers de l\u2019ensemble des offres diffus\u00e9es sur le march\u00e9. C\u2019est ce que r\u00e9v\u00e8le le r\u00e9cent barom\u00e8tre de Rekrute. Les d\u00e9tails. Pluie d\u2019offres d\u2019emplois dans les m\u00e9tiers informatiques. Ayant enregistr\u00e9 seulement 11% en<\/div>\n<p>Auteur: Adama Sylla<br \/>\n<a href=\"https:\/\/www.challenge.ma\/marche-de-lemploi-le-secteur-informatique-triple-sa-demande-de-profils-239998\/\">Cliquez ici pour lire l&rsquo;article depuis sa source.<\/a><\/p>\n","protected":false},"excerpt":{"rendered":"<p>Le secteur informatique a \u00e9t\u00e9 le plus grand employeur durant le mois d\u2019avril en 2022, en repr\u00e9sentant le tiers de l\u2019ensemble des offres diffus\u00e9es sur le march\u00e9. C\u2019est ce que r\u00e9v\u00e8le le r\u00e9cent barom\u00e8tre de Rekrute. Les d\u00e9tails. Pluie d\u2019offres d\u2019emplois dans les m\u00e9tiers informatiques. Ayant enregistr\u00e9 seulement 11% en Auteur: Adama Sylla Cliquez ici [&hellip;]<\/p>\n","protected":false},"author":1787,"featured_media":0,"comment_status":"closed","ping_status":"closed","sticky":false,"template":"","format":"standard","meta":{"fifu_image_url":"https:\/\/www.challenge.ma\/wp-content\/uploads\/2022\/06\/INFORMATIQUE.jpg","fifu_image_alt":"March\u00e9 de l\u2019emploi. Le secteur informatique triple sa demande de profils","footnotes":""},"categories":[78,54],"tags":[],"class_list":["post-149413","post","type-post","status-publish","format-standard","hentry","category-economie","category-maroc"],"_links":{"self":[{"href":"https:\/\/linitiative.ca\/International\/wp-json\/wp\/v2\/posts\/149413","targetHints":{"allow":["GET"]}}],"collection":[{"href":"https:\/\/linitiative.ca\/International\/wp-json\/wp\/v2\/posts"}],"about":[{"href":"https:\/\/linitiative.ca\/International\/wp-json\/wp\/v2\/types\/post"}],"author":[{"embeddable":true,"href":"https:\/\/linitiative.ca\/International\/wp-json\/wp\/v2\/users\/1787"}],"replies":[{"embeddable":true,"href":"https:\/\/linitiative.ca\/International\/wp-json\/wp\/v2\/comments?post=149413"}],"version-history":[{"count":0,"href":"https:\/\/linitiative.ca\/International\/wp-json\/wp\/v2\/posts\/149413\/revisions"}],"wp:attachment":[{"href":"https:\/\/linitiative.ca\/International\/wp-json\/wp\/v2\/media?parent=149413"}],"wp:term":[{"taxonomy":"category","embeddable":true,"href":"https:\/\/linitiative.ca\/International\/wp-json\/wp\/v2\/categories?post=149413"},{"taxonomy":"post_tag","embeddable":true,"href":"https:\/\/linitiative.ca\/International\/wp-json\/wp\/v2\/tags?post=149413"}],"curies":[{"name":"wp","href":"https:\/\/api.w.org\/{rel}","templated":true}]}}