{"id":14944,"date":"2019-02-17T15:16:20","date_gmt":"2019-02-17T20:16:20","guid":{"rendered":"https:\/\/linitiative.ca\/International\/pros-galatasaray-onyekuru-je-suis-tres-heureux-pour-feghouli\/"},"modified":"2019-02-17T15:16:20","modified_gmt":"2019-02-17T20:16:20","slug":"pros-galatasaray-onyekuru-je-suis-tres-heureux-pour-feghouli","status":"publish","type":"post","link":"https:\/\/linitiative.ca\/International\/pros-galatasaray-onyekuru-je-suis-tres-heureux-pour-feghouli\/","title":{"rendered":"Pros : Galatasaray &#8211; Onyekuru : \u00ab\u00a0Je suis tr\u00e8s heureux pour Feghouli\u00a0\u00bb"},"content":{"rendered":"<div readability=\"32\">\n<p>Auteur : <span class=\"time\">dimanche 17 f\u00e9vrier 2019 20:19<\/span><\/p>\n<\/div>\n<div id=\"post_core\" readability=\"40\">\n<p>Au terme de la rencontre, Henry Onyekuru, le co\u00e9quipier de Feghouli \u00e0 Galatasay s&rsquo;est dit tr\u00e8s heureux pour l&rsquo;international alg\u00e9rien. Il a ainsi d\u00e9clar\u00e9 :<\/p>\n<p>\u00ab\u00a0Aujourd&rsquo;hui, j&rsquo;ai particip\u00e9 \u00e0 la victoire avec une passe d\u00e9cisive mais je suis surtout tr\u00e8s heureux pour Feghouli. Je le suis car il a r\u00e9alis\u00e9 une superbe performance avec trois buts pour couronner le tout. Je suis vraiment tr\u00e8s content pour lui\u00a0\u00bb.<\/p>\n<p><strong>Publi\u00e9 dans :<\/strong> <span>Feghouli<\/span><\/p>\n<\/div>\n<p>Auteur:<br \/>\n<a href=\"http:\/\/www.lebuteur.com\/article\/detail?titre=galatasaray-onyekuru-je-suis-tres-heureux-pour-feghouli&#038;id=86474&#038;utm_source=feedburner&#038;utm_medium=feed&#038;utm_campaign=Feed%3A+GalerieFArtciles+%28Les+derniers+articles++-+lebuteur.com%29\">Cliquez ici pour lire l&rsquo;article depuis sa source.<\/a><\/p>\n","protected":false},"excerpt":{"rendered":"<p>Auteur : dimanche 17 f\u00e9vrier 2019 20:19 Au terme de la rencontre, Henry Onyekuru, le co\u00e9quipier de Feghouli \u00e0 Galatasay s&rsquo;est dit tr\u00e8s heureux pour l&rsquo;international alg\u00e9rien. Il a ainsi d\u00e9clar\u00e9 : \u00ab\u00a0Aujourd&rsquo;hui, j&rsquo;ai particip\u00e9 \u00e0 la victoire avec une passe d\u00e9cisive mais je suis surtout tr\u00e8s heureux pour Feghouli. Je le suis car il [&hellip;]<\/p>\n","protected":false},"author":1738,"featured_media":14945,"comment_status":"closed","ping_status":"closed","sticky":false,"template":"","format":"standard","meta":{"fifu_image_url":"","fifu_image_alt":"","footnotes":""},"categories":[53,75],"tags":[],"class_list":["post-14944","post","type-post","status-publish","format-standard","has-post-thumbnail","hentry","category-algerie","category-sport"],"_links":{"self":[{"href":"https:\/\/linitiative.ca\/International\/wp-json\/wp\/v2\/posts\/14944","targetHints":{"allow":["GET"]}}],"collection":[{"href":"https:\/\/linitiative.ca\/International\/wp-json\/wp\/v2\/posts"}],"about":[{"href":"https:\/\/linitiative.ca\/International\/wp-json\/wp\/v2\/types\/post"}],"author":[{"embeddable":true,"href":"https:\/\/linitiative.ca\/International\/wp-json\/wp\/v2\/users\/1738"}],"replies":[{"embeddable":true,"href":"https:\/\/linitiative.ca\/International\/wp-json\/wp\/v2\/comments?post=14944"}],"version-history":[{"count":0,"href":"https:\/\/linitiative.ca\/International\/wp-json\/wp\/v2\/posts\/14944\/revisions"}],"wp:featuredmedia":[{"embeddable":true,"href":"https:\/\/linitiative.ca\/International\/wp-json\/"}],"wp:attachment":[{"href":"https:\/\/linitiative.ca\/International\/wp-json\/wp\/v2\/media?parent=14944"}],"wp:term":[{"taxonomy":"category","embeddable":true,"href":"https:\/\/linitiative.ca\/International\/wp-json\/wp\/v2\/categories?post=14944"},{"taxonomy":"post_tag","embeddable":true,"href":"https:\/\/linitiative.ca\/International\/wp-json\/wp\/v2\/tags?post=14944"}],"curies":[{"name":"wp","href":"https:\/\/api.w.org\/{rel}","templated":true}]}}