{"id":149442,"date":"2022-06-05T10:52:55","date_gmt":"2022-06-05T14:52:55","guid":{"rendered":"https:\/\/linitiative.ca\/International\/perspectives-economiques-la-bad-prevoit-un-taux-de-croissance-de-38-au-cameroun-en-2022\/"},"modified":"2022-06-05T10:52:55","modified_gmt":"2022-06-05T14:52:55","slug":"perspectives-economiques-la-bad-prevoit-un-taux-de-croissance-de-38-au-cameroun-en-2022","status":"publish","type":"post","link":"https:\/\/linitiative.ca\/International\/perspectives-economiques-la-bad-prevoit-un-taux-de-croissance-de-38-au-cameroun-en-2022\/","title":{"rendered":"Perspectives \u00e9conomiques\u00a0:\u00a0la BAD pr\u00e9voit un taux de croissance de 3,8% au Cameroun en 2022"},"content":{"rendered":"<div><div data-elementor-type=\"wp-post\" data-elementor-id=\"41142\" class=\"elementor elementor-41142\" data-elementor-settings=\"[]\">\n\t\t\t\t\t\t<div class=\"elementor-inner\">\n\t\t\t\t\t\t\t<div class=\"elementor-section-wrap\">\n\t\t\t\t\t\t\t<section data-particle_enable=\"false\" data-particle-mobile-disabled=\"false\" class=\"elementor-section elementor-top-section elementor-element elementor-element-65747ddc elementor-section-boxed elementor-section-height-default elementor-section-height-default\" data-id=\"65747ddc\" data-element_type=\"section\" data-settings='{\"ekit_has_onepagescroll_dot\":\"yes\"}'>\n\t\t\t\t\t\t<div class=\"elementor-container elementor-column-gap-default\">\n\t\t\t\t\t\t\t<div class=\"elementor-row\">\n\t\t\t\t\t<div class=\"elementor-column elementor-col-100 elementor-top-column elementor-element elementor-element-7564ce66\" data-id=\"7564ce66\" data-element_type=\"column\">\n\t\t\t<div class=\"elementor-column-wrap elementor-element-populated\">\n\t\t\t\t\t\t\t<div class=\"elementor-widget-wrap\">\n\t\t\t\t\t\t<div class=\"elementor-element elementor-element-5c145c1 elementor-widget elementor-widget-text-editor\" data-id=\"5c145c1\" data-element_type=\"widget\" data-settings='{\"ekit_we_effect_on\":\"none\"}' data-widget_type=\"text-editor.default\">\n\t\t\t\t<div class=\"elementor-widget-container\">\n\t\t\t\t\t\t\t\t<div class=\"elementor-text-editor elementor-clearfix\">\n\t\t\t\t\n<p>La Banque africaine de d\u00e9veloppement (BAD), vient de rendre public son rapport intitul\u00e9 \u2018\u2018Perspectives \u00e9conomiques en Afrique en 2022\u2019\u2019. C\u2019\u00e9tait lors de ses assembl\u00e9es g\u00e9n\u00e9rales annuelles qui ont eu lieu du 23 au 27 mai 2022 \u00e0 Accra au Ghana. Le document qui dresse un \u00e9tat des lieux de l\u2019\u00e9conomie africaine ressort que pour le compte de l\u2019ann\u00e9e 2022, \u00ab le continent risque de plonger dans la stagflation, une combinaison de croissance lente et d\u2019inflation \u00e9lev\u00e9e. Le PIB r\u00e9el devrait cro\u00eetre de 4,1 % en 2022, nettement inf\u00e9rieur aux pr\u00e8s de 7 % de croissance de 2021. Cette d\u00e9c\u00e9l\u00e9ration de la croissance souligne la gravit\u00e9 de l\u2019impact du conflit russo-ukrainien sur l\u2019\u00e9conomie africaine \u00bb, peut- on lire dans l\u2019avant-propos d\u2019Akinwumi Adesina, Pr\u00e9sident du Groupe de La Banque africaine de d\u00e9veloppement. Ceci justifi\u00e9e par l\u2019impact du conflit russo-ukrainien et les incertitudes li\u00e9es \u00e0 la Covid-19.<\/p>\n\n\n\n<p><strong>Lire aussi : <a href=\"https:\/\/ecomatin.net\/perspectives-economiques-la-banque-mondiale-table-sur-un-taux-de-croissance-de-44-en-2024-au-cameroun\/\" target=\"_blank\" rel=\"noreferrer noopener\">Perspectives \u00e9conomiques\u00a0: la Banque mondiale table sur un taux de croissance de 4,4% en 2024 au Cameroun<\/a><\/strong><\/p>\n\n\n\n<p>Les pr\u00e9visions de la BAD font suite \u00e0 une ann\u00e9e 2021, qui s\u2019est achev\u00e9e sous de bons auspices si on peut le dire ainsi. En effet, \u00ab Le Produit int\u00e9rieur brut (PIB) r\u00e9el africain a fortement rebondi en 2021, avec un taux de croissance de 6,9 %. Soutenue par la reprise de la demande mondiale, la hausse des prix du p\u00e9trole (b\u00e9n\u00e9ficiant aux \u00e9conomies exportatrices de p\u00e9trole), la lev\u00e9e des restrictions li\u00e9es \u00e0 la pand\u00e9mie de COVID-19 dans la plupart des pays et la croissance associ\u00e9e de la consommation int\u00e9rieure et de l\u2019investissement\u2026\u00bb, rel\u00e8ve le rapport.<\/p>\n\n\n\n<p><strong>Cas du Cameroun<\/strong><\/p>\n\n\n\n<p>En 2022 au Cameroun, la BAD table une croissance du Produit int\u00e9rieur brut (PIB) de 3,8% et 4,1% pour 2023, apr\u00e8s que celui-ci se soit chiffr\u00e9 \u00e0 3,5% en 2021. Ces projections sont l\u00e9g\u00e8rement en baisse (0,7%) des pr\u00e9visions faites par le Cameroun. En effet, selon la loi de finance le taux de croissance est chiffr\u00e9 \u00e0 4,2% l\u2019ann\u00e9e 2022. Le document de programmation \u00e9conomique et budg\u00e9taire \u00e0 moyen terme 2022-2024, va pratiquement dans la m\u00eame lanc\u00e9e avec des perspectives de croissance 4,4% en 2022 et 4,8% en moyenne sur la p\u00e9riode 2022- 2024.<\/p>\n\n\n\n<p><strong>Lire aussi : <a href=\"https:\/\/ecomatin.net\/le-projet-de-10-000-logements-sociaux-devrait-contribuer-a-redynamiser-le-secteur-des-btp-au-2e-trimestre-2022\/\" target=\"_blank\" rel=\"noreferrer noopener\">Le projet de 10 000 logements sociaux devrait contribuer \u00e0 redynamiser le secteur des BTP au 2e trimestre 2022<\/a><\/strong><\/p>\n\n\n\n<p>L\u2019on pourrait dire que les projections de la BAD, prennent en compte le contexte mondial marqu\u00e9 par : le d\u00e9clenchement du conflit russo-ukrainien, la tendance inflationniste et dans une certaine mesure, le risque d\u2019ins\u00e9curit\u00e9 alimentaire. Notons que les deux premi\u00e8res raisons pourraient conduire \u00e0 un collectif budg\u00e9taire. En effet dans sa parution du 23 mars dernier, EcoMatin faisait \u00e9chos de cette hypoth\u00e8se \u00e0 la sortie d\u2019une concertation tenue entre le Gouvernement et le Groupement inter- patronal du Cameroun (Gicam), le 18 mars sous la houlette du Premier ministre, Joseph Dion Ngute. \u00ab Il est apparu des \u00e9changes entre les parties, que l\u2019hypoth\u00e8se d\u2019un collectif budg\u00e9taire est s\u00e9rieusement envisag\u00e9e, consid\u00e9rant que cette crise inflationniste hypoth\u00e8que d\u00e9sormais l\u2019\u00e9quilibre du budget de l\u2019exercice 2022, et que si les choses restent en l\u2019\u00e9tat, on se dirigerait in\u00e9vitablement vers un d\u00e9ficit. C\u2019est du moins ce que rapporte le Gicam dans son compte rendu de ces travaux. \u00ab Au regard de la s\u00e9v\u00e9rit\u00e9 de la crise, un collectif budg\u00e9taire est d\u00e9j\u00e0 envisag\u00e9, moins de trois mois apr\u00e8s l\u2019adoption de la loi de finances de l\u2019exercice en cours\u00bb, r\u00e9v\u00e8le le patronat \u00bb, peut-on lire dans le journal.<\/p>\n\n\n\n<p><strong>Lire aussi : <a href=\"https:\/\/ecomatin.net\/perspectives-economiques-le-cameroun-vu-par-la-bad\/\" target=\"_blank\" rel=\"noreferrer noopener\">Perspectives \u00e9conomiques : le Cameroun vu par la BAD<\/a><\/strong><\/p>\n\t\t\t\t\t<\/div>\n\t\t\t\t\t\t<\/div>\n\t\t\t\t<\/div>\n\t\t\t\t\t\t<\/div>\n\t\t\t\t\t<\/div>\n\t\t<\/div>\n\t\t\t\t\t\t\t\t<\/div>\n\t\t\t\t\t<\/div>\n\t\t<\/section>\n\t\t\t\t<section data-particle_enable=\"false\" data-particle-mobile-disabled=\"false\" class=\"elementor-section elementor-top-section elementor-element elementor-element-c6ce082 elementor-section-boxed elementor-section-height-default elementor-section-height-default\" data-id=\"c6ce082\" data-element_type=\"section\" data-settings='{\"background_background\":\"classic\",\"ekit_has_onepagescroll_dot\":\"yes\"}'>\n\t\t\t\t\t\t<div class=\"elementor-container elementor-column-gap-default\">\n\t\t\t\t\t\t\t<div class=\"elementor-row\">\n\t\t\t\t\t<div class=\"elementor-column elementor-col-100 elementor-top-column elementor-element elementor-element-7bc4c01\" data-id=\"7bc4c01\" data-element_type=\"column\">\n\t\t\t<div class=\"elementor-column-wrap elementor-element-populated\">\n\t\t\t\t\t\t\t<div class=\"elementor-widget-wrap\">\n\t\t\t\t\t\t<div class=\"elementor-element elementor-element-9dc6d5c elementor-widget elementor-widget-heading\" data-id=\"9dc6d5c\" data-element_type=\"widget\" data-settings='{\"ekit_we_effect_on\":\"none\"}' data-widget_type=\"heading.default\">\n\t\t\t\t<div class=\"elementor-widget-container\">\n\t\t\t<h3 class=\"elementor-heading-title elementor-size-default\">Quid de la sous-r\u00e9gion Afrique centrale ?<\/h3>\t\t<\/div>\n\t\t\t\t<\/div>\n\t\t\t\t<section data-particle_enable=\"false\" data-particle-mobile-disabled=\"false\" class=\"elementor-section elementor-inner-section elementor-element elementor-element-f459ade elementor-section-boxed elementor-section-height-default elementor-section-height-default\" data-id=\"f459ade\" data-element_type=\"section\" data-settings='{\"ekit_has_onepagescroll_dot\":\"yes\"}'>\n\t\t\t\t\t\t<div class=\"elementor-container elementor-column-gap-default\">\n\t\t\t\t\t\t\t<div class=\"elementor-row\">\n\t\t\t\t\t<div class=\"elementor-column elementor-col-50 elementor-inner-column elementor-element elementor-element-832d04b\" data-id=\"832d04b\" data-element_type=\"column\">\n\t\t\t<div class=\"elementor-column-wrap elementor-element-populated\">\n\t\t\t\t\t\t\t<div class=\"elementor-widget-wrap\">\n\t\t\t\t\t\t<div class=\"elementor-element elementor-element-8733f7a elementor-widget elementor-widget-text-editor\" data-id=\"8733f7a\" data-element_type=\"widget\" data-settings='{\"ekit_we_effect_on\":\"none\"}' data-widget_type=\"text-editor.default\">\n\t\t\t\t<div class=\"elementor-widget-container\">\n\t\t\t\t\t\t\t\t<div class=\"elementor-text-editor elementor-clearfix\">\n\t\t\t\t<p>En Afrique centrale de fa\u00e7on g\u00e9n\u00e9rale, la BAD annonce que la croissance devrait atteindre 4,6 % en 2022 contre 3,4 % en 2021, et 4,3% en 2023. Ces perspectives font suite \u00e0 un taux de croissance de 3,4% durant l\u2019ann\u00e9e 2021. De fa\u00e7on particuli\u00e8re la BAD pr\u00e9voit pour la R\u00e9publique Centrafricaine une croissance de 3,8% cette ann\u00e9e et 3,9% l\u2019ann\u00e9e suivante ; au Congo l\u2019on table sur 4,3% en 2022 et 3,2% en 2024 ; au Gabon l\u2019on part sur une tendance plut\u00f4t stagnante du PIB avec 3,3% et 3,4% respectivement pour 2022 et 2023. La Guin\u00e9e-<\/p>\t\t\t\t\t<\/div>\n\t\t\t\t\t\t<\/div>\n\t\t\t\t<\/div>\n\t\t\t\t\t\t<\/div>\n\t\t\t\t\t<\/div>\n\t\t<\/div>\n\t\t\t\t<div class=\"elementor-column elementor-col-50 elementor-inner-column elementor-element elementor-element-edd02ab\" data-id=\"edd02ab\" data-element_type=\"column\">\n\t\t\t<div class=\"elementor-column-wrap elementor-element-populated\">\n\t\t\t\t\t\t\t<div class=\"elementor-widget-wrap\">\n\t\t\t\t\t\t<div class=\"elementor-element elementor-element-a100065 elementor-widget elementor-widget-text-editor\" data-id=\"a100065\" data-element_type=\"widget\" data-settings='{\"ekit_we_effect_on\":\"none\"}' data-widget_type=\"text-editor.default\">\n\t\t\t\t<div class=\"elementor-widget-container\">\n\t\t\t\t\t\t\t\t<div class=\"elementor-text-editor elementor-clearfix\">\n\t\t\t\t<p>La Guin\u00e9e-Equatoriale pour sa part afficherait en 2022, un taux de croissance de 5% avant de retomb\u00e9e \u00e0 -1,9% en 2023. Le Tchad de son c\u00f4t\u00e9 pr\u00e9senterait une croissance de 2,9% pour l\u2019ann\u00e9e en cours et 3,2% l\u2019ann\u00e9e suivante. Pour finir, la R\u00e9publique d\u00e9mocratique du Congo selon l\u2019institution dirig\u00e9 par Akinwumi Adesina, va enregistrer une croissance de 6,2% en 2022. Cette tendance sera suivie en 2023, avec un taux de croissance de 6,5%.<\/p>\t\t\t\t\t<\/div>\n\t\t\t\t\t\t<\/div>\n\t\t\t\t<\/div>\n\t\t\t\t\t\t<\/div>\n\t\t\t\t\t<\/div>\n\t\t<\/div>\n\t\t\t\t\t\t\t\t<\/div>\n\t\t\t\t\t<\/div>\n\t\t<\/section>\n\t\t\t\t\t\t<\/div>\n\t\t\t\t\t<\/div>\n\t\t<\/div>\n\t\t\t\t\t\t\t\t<\/div>\n\t\t\t\t\t<\/div>\n\t\t<\/section>\n\t\t\t\t\t\t<\/div>\n\t\t\t\t\t\t<\/div>\n\t\t\t\t\t<\/div>\n\t\t<p>L\u2019article <a rel=\"nofollow\" href=\"https:\/\/ecomatin.net\/perspectives-economiques-la-bad-prevoit-un-taux-de-croissance-de-38-au-cameroun-en-2022\/\">Perspectives \u00e9conomiques\u00a0:\u00a0la BAD pr\u00e9voit un taux de croissance de 3,8% au Cameroun en 2022<\/a> est apparu en premier sur <a rel=\"nofollow\" href=\"https:\/\/ecomatin.net\/\">EcoMatin<\/a>.<\/p><\/div>\r\nAuteur: Cindy MBALA\r\n<a href=\"https:\/\/ecomatin.net\/perspectives-economiques-la-bad-prevoit-un-taux-de-croissance-de-38-au-cameroun-en-2022\/\">Cliquez ici pour lire l&rsquo;article depuis sa source.<\/a><br \/>","protected":false},"excerpt":{"rendered":"<p>La Banque africaine de d\u00e9veloppement (BAD), vient de rendre public son rapport intitul\u00e9 \u2018\u2018Perspectives \u00e9conomiques en Afrique en 2022\u2019\u2019. C\u2019\u00e9tait lors de ses assembl\u00e9es g\u00e9n\u00e9rales annuelles qui ont eu lieu du 23 au 27 mai 2022 \u00e0 Accra au Ghana. Le document qui dresse un \u00e9tat des lieux de l\u2019\u00e9conomie africaine ressort que pour le [&hellip;]<\/p>\n","protected":false},"author":1969,"featured_media":0,"comment_status":"closed","ping_status":"closed","sticky":false,"template":"","format":"standard","meta":{"fifu_image_url":"","fifu_image_alt":"","footnotes":""},"categories":[82,78],"tags":[],"class_list":["post-149442","post","type-post","status-publish","format-standard","hentry","category-cameroun","category-economie"],"_links":{"self":[{"href":"https:\/\/linitiative.ca\/International\/wp-json\/wp\/v2\/posts\/149442","targetHints":{"allow":["GET"]}}],"collection":[{"href":"https:\/\/linitiative.ca\/International\/wp-json\/wp\/v2\/posts"}],"about":[{"href":"https:\/\/linitiative.ca\/International\/wp-json\/wp\/v2\/types\/post"}],"author":[{"embeddable":true,"href":"https:\/\/linitiative.ca\/International\/wp-json\/wp\/v2\/users\/1969"}],"replies":[{"embeddable":true,"href":"https:\/\/linitiative.ca\/International\/wp-json\/wp\/v2\/comments?post=149442"}],"version-history":[{"count":0,"href":"https:\/\/linitiative.ca\/International\/wp-json\/wp\/v2\/posts\/149442\/revisions"}],"wp:attachment":[{"href":"https:\/\/linitiative.ca\/International\/wp-json\/wp\/v2\/media?parent=149442"}],"wp:term":[{"taxonomy":"category","embeddable":true,"href":"https:\/\/linitiative.ca\/International\/wp-json\/wp\/v2\/categories?post=149442"},{"taxonomy":"post_tag","embeddable":true,"href":"https:\/\/linitiative.ca\/International\/wp-json\/wp\/v2\/tags?post=149442"}],"curies":[{"name":"wp","href":"https:\/\/api.w.org\/{rel}","templated":true}]}}