{"id":14946,"date":"2019-02-17T15:16:22","date_gmt":"2019-02-17T20:16:22","guid":{"rendered":"https:\/\/linitiative.ca\/International\/international-real-courtois-tape-sur-un-de-ses-coequipiers\/"},"modified":"2019-02-17T15:16:22","modified_gmt":"2019-02-17T20:16:22","slug":"international-real-courtois-tape-sur-un-de-ses-coequipiers","status":"publish","type":"post","link":"https:\/\/linitiative.ca\/International\/international-real-courtois-tape-sur-un-de-ses-coequipiers\/","title":{"rendered":"International : Real : Courtois tape sur un de ses co\u00e9quipiers"},"content":{"rendered":"<div readability=\"32\">\n<p>Auteur : <span class=\"time\">dimanche 17 f\u00e9vrier 2019 20:57<\/span><\/p>\n<\/div>\n<div id=\"post_core\" readability=\"64\">\n<p>En effet, dans cet entretien, le gardien belge a critiqu\u00e9 le mode de vie de son col\u00e8gue gallois Gareth Bale, arguant qu&rsquo;il n&rsquo;a pas vraiment tent\u00e9 de s&rsquo;adapter \u00e0 la vie madril\u00e8ne depuis son arriv\u00e9e dans la capitale espagnole.<\/p>\n<p>Bale aurait notamment snob\u00e9 ses co\u00e9quipiers qui voulaient organiser un diner ensemble en pr\u00e9f\u00e9rant rentrer directement chez lui.Courtois a \u00e9galement r\u00e9v\u00e9l\u00e9 le surnom p\u00e9joratif que les joueurs du Real ont r\u00e9serv\u00e9 \u00e0 Bale : \u00ab\u00a0Le Golfeur\u00a0\u00bb, car l&rsquo;ancien Spur passe le plus clair de son temps libre \u00e0 pratiquer le golf.<\/p>\n<p>C&rsquo;est tr\u00e8s dur de d\u00e9crire Gareth en un seul mot. Mais je dirais qu&rsquo;il a \u00e9norm\u00e9ment de talent,mais que ce talent est bloqu\u00e9 et ne peut pas briller\u00a0\u00bb, a ainsi d\u00e9crit Courtois \u00ab\u00a0Moi je vis comme quelqu&rsquo;un qui est n\u00e9 et a grandi \u00e0 Madrid, je mange tard et me couche tard. Ils vivent comme \u00e7a en Espagne. L&rsquo;autre soir, nous avions pr\u00e9vu un repas avec toute l&rsquo;\u00e9quipe, mais Bale et (Toni) Kroos\u00a0 ne sont pas venus en disant que le d\u00eener \u00e9tait pr\u00e9vu trop tard\u00a0\u00bb, poursuit Courtois.<\/p>\n<p>\u00ab\u00a0Nous nous entra\u00eenons pourtant \u00e0 11h du matin et nous avions rendez-vous au restaurant \u00e0 9h30 et \u00e0 minuit nous avions fini. Je pense que c&rsquo;\u00e9tait parfait\u00a0\u00bb, a ajout\u00e9 le joueur Belge. Interrog\u00e9 par Marca r\u00e9cemment, Marcelo a indiqu\u00e9 que Bale ne parlait toujours pas Espagnol : \u00ab\u00a0Avec lui, il faut parler par gestes\u00a0\u00bb. Des propos relay\u00e9s par Goal.<\/p>\n<p><strong>Publi\u00e9 dans :<\/strong> <span>real madrid<\/span><\/p>\n<\/div>\n<p>Auteur:<br \/>\n<a href=\"http:\/\/www.lebuteur.com\/article\/detail?titre=real-courtois-tape-sur-un-de-ses-coequipiers&#038;id=86475&#038;utm_source=feedburner&#038;utm_medium=feed&#038;utm_campaign=Feed%3A+GalerieFArtciles+%28Les+derniers+articles++-+lebuteur.com%29\">Cliquez ici pour lire l&rsquo;article depuis sa source.<\/a><\/p>\n","protected":false},"excerpt":{"rendered":"<p>Auteur : dimanche 17 f\u00e9vrier 2019 20:57 En effet, dans cet entretien, le gardien belge a critiqu\u00e9 le mode de vie de son col\u00e8gue gallois Gareth Bale, arguant qu&rsquo;il n&rsquo;a pas vraiment tent\u00e9 de s&rsquo;adapter \u00e0 la vie madril\u00e8ne depuis son arriv\u00e9e dans la capitale espagnole. Bale aurait notamment snob\u00e9 ses co\u00e9quipiers qui voulaient organiser [&hellip;]<\/p>\n","protected":false},"author":1738,"featured_media":14947,"comment_status":"closed","ping_status":"closed","sticky":false,"template":"","format":"standard","meta":{"fifu_image_url":"","fifu_image_alt":"","footnotes":""},"categories":[53,75],"tags":[],"class_list":["post-14946","post","type-post","status-publish","format-standard","has-post-thumbnail","hentry","category-algerie","category-sport"],"_links":{"self":[{"href":"https:\/\/linitiative.ca\/International\/wp-json\/wp\/v2\/posts\/14946","targetHints":{"allow":["GET"]}}],"collection":[{"href":"https:\/\/linitiative.ca\/International\/wp-json\/wp\/v2\/posts"}],"about":[{"href":"https:\/\/linitiative.ca\/International\/wp-json\/wp\/v2\/types\/post"}],"author":[{"embeddable":true,"href":"https:\/\/linitiative.ca\/International\/wp-json\/wp\/v2\/users\/1738"}],"replies":[{"embeddable":true,"href":"https:\/\/linitiative.ca\/International\/wp-json\/wp\/v2\/comments?post=14946"}],"version-history":[{"count":0,"href":"https:\/\/linitiative.ca\/International\/wp-json\/wp\/v2\/posts\/14946\/revisions"}],"wp:featuredmedia":[{"embeddable":true,"href":"https:\/\/linitiative.ca\/International\/wp-json\/"}],"wp:attachment":[{"href":"https:\/\/linitiative.ca\/International\/wp-json\/wp\/v2\/media?parent=14946"}],"wp:term":[{"taxonomy":"category","embeddable":true,"href":"https:\/\/linitiative.ca\/International\/wp-json\/wp\/v2\/categories?post=14946"},{"taxonomy":"post_tag","embeddable":true,"href":"https:\/\/linitiative.ca\/International\/wp-json\/wp\/v2\/tags?post=14946"}],"curies":[{"name":"wp","href":"https:\/\/api.w.org\/{rel}","templated":true}]}}