{"id":149467,"date":"2022-06-06T09:54:00","date_gmt":"2022-06-06T13:54:00","guid":{"rendered":"https:\/\/linitiative.ca\/International\/cyclisme-mohamed-amine-rafii-remporte-la-course-regionale-de-guercif\/"},"modified":"2022-06-06T09:54:00","modified_gmt":"2022-06-06T13:54:00","slug":"cyclisme-mohamed-amine-rafii-remporte-la-course-regionale-de-guercif","status":"publish","type":"post","link":"https:\/\/linitiative.ca\/International\/cyclisme-mohamed-amine-rafii-remporte-la-course-regionale-de-guercif\/","title":{"rendered":"Cyclisme: Mohamed Amine Rafii remporte la course r\u00e9gionale de Guercif"},"content":{"rendered":"<div>\n<div style=\"margin-bottom:20px;\"><img loading=\"lazy\" decoding=\"async\" width=\"750\" height=\"430\" src=\"https:\/\/linitiative.ca\/International\/wp-content\/uploads\/sites\/23\/2022\/06\/Avant-le-dC3A9part-dune-course-de-cyclisme-750C397430-MAP.jpg\" class=\"attachment-post-thumbnail size-post-thumbnail wp-post-image\" alt=\"\" srcset=\"https:\/\/linitiative.ca\/International\/wp-content\/uploads\/sites\/23\/2022\/06\/Avant-le-dC3A9part-dune-course-de-cyclisme-750C397430-MAP.jpg 750w, https:\/\/www.mapoujda.ma\/map\/uploads\/2021\/11\/Avant-le-d\u00e9part-dune-course-de-cyclisme-750\u00d7430-MAP-300x172.jpg 300w\" sizes=\"auto, (max-width: 750px) 100vw, 750px\"><\/div>\n<p style=\"text-align: justify;\">Le coureur Mohamed Amine Rafii de l\u2019Association V\u00e9lo Sportif de F\u00e8s a remport\u00e9 la course r\u00e9gionale de cyclisme de Guercif, organis\u00e9e dimanche par le Hassania de Guercif sous l\u2019\u00e9gide de la F\u00e9d\u00e9ration royale marocaine de la discipline.<\/p>\n<p style=\"text-align: justify;\">La deuxi\u00e8me place de cette course, qui s\u2019est disput\u00e9e entre la place Bir Anzarane de Guercif et la commune territoriale Lamrija, est revenue \u00e0 Mohamed Arico de l\u2019Association Ouezzane, tandis que la troisi\u00e8me place est revenue au coureur Chaouki Amtito de l\u2019Association V\u00e9lo Sportif de F\u00e8s.<\/p>\n<p style=\"text-align: justify;\">Cet \u00e9v\u00e9nement sportif, auquel ont pris part le pr\u00e9sident de la F\u00e9d\u00e9ration royale marocaine de cyclisme, Mohamed Belmahi, des personnalit\u00e9s locales et des acteurs de la soci\u00e9t\u00e9 civile, a \u00e9t\u00e9 marqu\u00e9 par une forte participation des coureurs cyclistes de la ligue r\u00e9gionale de l\u2019Oriental et d\u2019autres repr\u00e9sentants des associations qui ont acquis une longue exp\u00e9rience dans les courses nationales et internationales.<\/p>\n<p>L\u2019article <a rel=\"nofollow\" href=\"https:\/\/www.mapoujda.ma\/fr\/cyclisme-mohamed-amine-rafii-remporte-la-course-regionale-de-guercif\/\">Cyclisme: Mohamed Amine Rafii remporte la course r\u00e9gionale de Guercif<\/a> est apparu en premier sur <a rel=\"nofollow\" href=\"https:\/\/www.mapoujda.ma\/fr\">MapOujda<\/a>.<\/p>\n<\/div>\n<p>Auteur: Soufiane ELAHMAR<br \/>\n<a href=\"https:\/\/www.mapoujda.ma\/fr\/cyclisme-mohamed-amine-rafii-remporte-la-course-regionale-de-guercif\/\">Cliquez ici pour lire l&rsquo;article depuis sa source.<\/a><\/p>\n","protected":false},"excerpt":{"rendered":"<p>Le coureur Mohamed Amine Rafii de l\u2019Association V\u00e9lo Sportif de F\u00e8s a remport\u00e9 la course r\u00e9gionale de cyclisme de Guercif, organis\u00e9e dimanche par le Hassania de Guercif sous l\u2019\u00e9gide de la F\u00e9d\u00e9ration royale marocaine de la discipline. La deuxi\u00e8me place de cette course, qui s\u2019est disput\u00e9e entre la place Bir Anzarane de Guercif et la [&hellip;]<\/p>\n","protected":false},"author":1788,"featured_media":0,"comment_status":"closed","ping_status":"closed","sticky":false,"template":"","format":"standard","meta":{"fifu_image_url":"https:\/\/www.mapoujda.ma\/map\/uploads\/2021\/11\/Avant-le-d\u00e9part-dune-course-de-cyclisme-750\u00d7430-MAP.jpg","fifu_image_alt":"Cyclisme: Mohamed Amine Rafii remporte la course r\u00e9gionale de Guercif","footnotes":""},"categories":[54,76],"tags":[],"class_list":["post-149467","post","type-post","status-publish","format-standard","hentry","category-maroc","category-regions"],"_links":{"self":[{"href":"https:\/\/linitiative.ca\/International\/wp-json\/wp\/v2\/posts\/149467","targetHints":{"allow":["GET"]}}],"collection":[{"href":"https:\/\/linitiative.ca\/International\/wp-json\/wp\/v2\/posts"}],"about":[{"href":"https:\/\/linitiative.ca\/International\/wp-json\/wp\/v2\/types\/post"}],"author":[{"embeddable":true,"href":"https:\/\/linitiative.ca\/International\/wp-json\/wp\/v2\/users\/1788"}],"replies":[{"embeddable":true,"href":"https:\/\/linitiative.ca\/International\/wp-json\/wp\/v2\/comments?post=149467"}],"version-history":[{"count":0,"href":"https:\/\/linitiative.ca\/International\/wp-json\/wp\/v2\/posts\/149467\/revisions"}],"wp:attachment":[{"href":"https:\/\/linitiative.ca\/International\/wp-json\/wp\/v2\/media?parent=149467"}],"wp:term":[{"taxonomy":"category","embeddable":true,"href":"https:\/\/linitiative.ca\/International\/wp-json\/wp\/v2\/categories?post=149467"},{"taxonomy":"post_tag","embeddable":true,"href":"https:\/\/linitiative.ca\/International\/wp-json\/wp\/v2\/tags?post=149467"}],"curies":[{"name":"wp","href":"https:\/\/api.w.org\/{rel}","templated":true}]}}