{"id":149469,"date":"2022-06-06T10:12:35","date_gmt":"2022-06-06T14:12:35","guid":{"rendered":"https:\/\/linitiative.ca\/International\/lammc-decerne-son-prix-de-la-recherche\/"},"modified":"2022-06-06T10:12:35","modified_gmt":"2022-06-06T14:12:35","slug":"lammc-decerne-son-prix-de-la-recherche","status":"publish","type":"post","link":"https:\/\/linitiative.ca\/International\/lammc-decerne-son-prix-de-la-recherche\/","title":{"rendered":"L\u2019AMMC d\u00e9cerne son prix de la recherche"},"content":{"rendered":"<div>\n<div class=\"field field-name-body field-type-text-with-summary field-label-hidden\">\n<div class=\"field-items\">\n<div class=\"field-item even\" property=\"content:encoded\">\n<p class=\"rtejustify\">L\u2019Autorit\u00e9 marocaine du march\u00e9 des capitaux (AMMC) a d\u00e9cern\u00e9 son prix de la recherche \u00e0 Karim Belcaid pour son travail de recherche qui a port\u00e9 sur la mod\u00e9lisation des interactions dynamiques entre les march\u00e9s boursiers marocain, internationaux et la sph\u00e8re \u00e9conomique. Cette distinction, lanc\u00e9e en juin 2021, vient ainsi primer la recherche sur des th\u00e9matiques \u00e9conomiques et financi\u00e8res ax\u00e9es sur l\u2019\u00e9conomie marocaine et le march\u00e9 des capitaux, qui pr\u00e9sentent un int\u00e9r\u00eat pour l\u2019Autorit\u00e9.<\/p>\n<\/div>\n<\/div>\n<\/div>\n<\/div>\n<p>Auteur: hgueye<br \/>\n<a href=\"https:\/\/www.leconomiste.com\/flash-infos\/l-ammc-decerne-son-prix-de-la-recherche\">Cliquez ici pour lire l&rsquo;article depuis sa source.<\/a><\/p>\n","protected":false},"excerpt":{"rendered":"<p>L\u2019Autorit\u00e9 marocaine du march\u00e9 des capitaux (AMMC) a d\u00e9cern\u00e9 son prix de la recherche \u00e0 Karim Belcaid pour son travail de recherche qui a port\u00e9 sur la mod\u00e9lisation des interactions dynamiques entre les march\u00e9s boursiers marocain, internationaux et la sph\u00e8re \u00e9conomique. Cette distinction, lanc\u00e9e en juin 2021, vient ainsi primer la recherche sur des th\u00e9matiques [&hellip;]<\/p>\n","protected":false},"author":1763,"featured_media":0,"comment_status":"closed","ping_status":"closed","sticky":false,"template":"","format":"standard","meta":{"fifu_image_url":"","fifu_image_alt":"","footnotes":""},"categories":[78,54],"tags":[],"class_list":["post-149469","post","type-post","status-publish","format-standard","hentry","category-economie","category-maroc"],"_links":{"self":[{"href":"https:\/\/linitiative.ca\/International\/wp-json\/wp\/v2\/posts\/149469","targetHints":{"allow":["GET"]}}],"collection":[{"href":"https:\/\/linitiative.ca\/International\/wp-json\/wp\/v2\/posts"}],"about":[{"href":"https:\/\/linitiative.ca\/International\/wp-json\/wp\/v2\/types\/post"}],"author":[{"embeddable":true,"href":"https:\/\/linitiative.ca\/International\/wp-json\/wp\/v2\/users\/1763"}],"replies":[{"embeddable":true,"href":"https:\/\/linitiative.ca\/International\/wp-json\/wp\/v2\/comments?post=149469"}],"version-history":[{"count":0,"href":"https:\/\/linitiative.ca\/International\/wp-json\/wp\/v2\/posts\/149469\/revisions"}],"wp:attachment":[{"href":"https:\/\/linitiative.ca\/International\/wp-json\/wp\/v2\/media?parent=149469"}],"wp:term":[{"taxonomy":"category","embeddable":true,"href":"https:\/\/linitiative.ca\/International\/wp-json\/wp\/v2\/categories?post=149469"},{"taxonomy":"post_tag","embeddable":true,"href":"https:\/\/linitiative.ca\/International\/wp-json\/wp\/v2\/tags?post=149469"}],"curies":[{"name":"wp","href":"https:\/\/api.w.org\/{rel}","templated":true}]}}